{"id":130944,"date":"2019-01-15T09:47:07","date_gmt":"2019-01-15T11:47:07","guid":{"rendered":"https:\/\/diarioregionaldigital.com.br\/?p=130944"},"modified":"2019-01-15T09:47:07","modified_gmt":"2019-01-15T11:47:07","slug":"acao-do-mpmg-requer-fornecimento-de-aparelhos-auditivos-a-pacientes-do-sus-residentes-na-zona-da-mata-que-aguardam-ha-mais-de-dois-anos-na-fila","status":"publish","type":"post","link":"https:\/\/diarioregionaldigital.com.br\/?p=130944","title":{"rendered":"A\u00e7\u00e3o do MPMG requer fornecimento de aparelhos auditivos a pacientes do SUS, residentes na Zona da Mata, que aguardam h\u00e1 mais de dois anos na fila"},"content":{"rendered":"<p>O Minist\u00e9rio P\u00fablico de Minas Gerais (MPMG), por meio da Coordenadoria Regional das Promotorias de Justi\u00e7a de Defesa da Sa\u00fade da Macrorregi\u00e3o Sanit\u00e1ria Sudeste e da Promotoria de Justi\u00e7a de Defesa da Sa\u00fade de Juiz de Fora, ajuizou A\u00e7\u00e3o Civil P\u00fablica (ACP) contra o Estado de Minas Gerais para que sejam fornecidos aparelhos auditivos aos pacientes do SUS que, segundo informa\u00e7\u00f5es prestadas pela Secretaria de Sa\u00fade de Juiz de Fora, chegam a aguardar mais de dois anos na fila.<\/p>\n<p>A a\u00e7\u00e3o requer a concess\u00e3o de liminar que determine a reposi\u00e7\u00e3o de moldes auriculares e de aparelhos de amplifica\u00e7\u00e3o sonora individual (AASI) aos 1.904 usu\u00e1rios do SUS com defici\u00eancia auditiva que j\u00e1 se encontram na fila de espera, al\u00e9m do fornecimento dos aparelhos a outras pessoas com defici\u00eancia auditiva, residentes em Juiz de Fora e regi\u00e3o, mediante prescri\u00e7\u00e3o m\u00e9dica atualizada.<\/p>\n<p>A Promotoria de Justi\u00e7a de Defesa da Sa\u00fade de Juiz de Fora instaurou inqu\u00e9rito para apurar as causas da excessiva demora imposta aos pacientes que aguardam pelo recebimento de aparelhos auditivos. No decorrer da investiga\u00e7\u00e3o, verificou que o Servi\u00e7o de Sa\u00fade Auditiva prestado por cl\u00ednica conveniada do SUS engloba, al\u00e9m de Juiz de Fora, outros 127 munic\u00edpios da regi\u00e3o. Neste cen\u00e1rio, registrou-se que, atualmente, al\u00e9m da demanda reprimida para atendimento de novos usu\u00e1rios, 1.904 pacientes aguardam em fila de espera para reposi\u00e7\u00e3o dos equipamentos.<\/p>\n<p>Na ACP, os promotores de Justi\u00e7a Jorge Tobias de Souza e Rodrigo Ferreira de Barros afirmam que \u201cante a flagrante desassist\u00eancia decorrente da defici\u00eancia do Servi\u00e7o de Sa\u00fade Auditiva prestado pelo Sistema \u00danico de Sa\u00fade em \u00e2mbito regional, necess\u00e1ria se faz a ado\u00e7\u00e3o de medidas essenciais ao resguardo da dignidade dos usu\u00e1rios envolvidos, sendo imprescind\u00edvel a imediata interven\u00e7\u00e3o por parte do Poder Judici\u00e1rio de modo a garantir \u00e0 popula\u00e7\u00e3o de Juiz de Fora e regi\u00e3o a efetiva\u00e7\u00e3o dos direitos fundamentais \u00e0 sa\u00fade\u201d.<\/p>\n<p><em>Fonte: MPMG<\/em><\/p>\n","protected":false},"excerpt":{"rendered":"<p>O Minist\u00e9rio P\u00fablico de Minas Gerais (MPMG), por meio da Coordenadoria Regional das Promotorias de Justi\u00e7a de Defesa da Sa\u00fade da Macrorregi\u00e3o Sanit\u00e1ria Sudeste e da Promotoria de Justi\u00e7a de Defesa da Sa\u00fade de Juiz de Fora, ajuizou A\u00e7\u00e3o Civil P\u00fablica (ACP) contra o Estado de Minas Gerais para que sejam fornecidos aparelhos auditivos aos [&hellip;]<\/p>\n","protected":false},"author":96,"featured_media":0,"comment_status":"closed","ping_status":"closed","sticky":false,"template":"","format":"standard","meta":{"footnotes":""},"categories":[252,439],"tags":[],"class_list":["post-130944","post","type-post","status-publish","format-standard","hentry","category-regiao","category-ultima-hora"],"_links":{"self":[{"href":"https:\/\/diarioregionaldigital.com.br\/index.php?rest_route=\/wp\/v2\/posts\/130944","targetHints":{"allow":["GET"]}}],"collection":[{"href":"https:\/\/diarioregionaldigital.com.br\/index.php?rest_route=\/wp\/v2\/posts"}],"about":[{"href":"https:\/\/diarioregionaldigital.com.br\/index.php?rest_route=\/wp\/v2\/types\/post"}],"author":[{"embeddable":true,"href":"https:\/\/diarioregionaldigital.com.br\/index.php?rest_route=\/wp\/v2\/users\/96"}],"replies":[{"embeddable":true,"href":"https:\/\/diarioregionaldigital.com.br\/index.php?rest_route=%2Fwp%2Fv2%2Fcomments&post=130944"}],"version-history":[{"count":0,"href":"https:\/\/diarioregionaldigital.com.br\/index.php?rest_route=\/wp\/v2\/posts\/130944\/revisions"}],"wp:attachment":[{"href":"https:\/\/diarioregionaldigital.com.br\/index.php?rest_route=%2Fwp%2Fv2%2Fmedia&parent=130944"}],"wp:term":[{"taxonomy":"category","embeddable":true,"href":"https:\/\/diarioregionaldigital.com.br\/index.php?rest_route=%2Fwp%2Fv2%2Fcategories&post=130944"},{"taxonomy":"post_tag","embeddable":true,"href":"https:\/\/diarioregionaldigital.com.br\/index.php?rest_route=%2Fwp%2Fv2%2Ftags&post=130944"}],"curies":[{"name":"wp","href":"https:\/\/api.w.org\/{rel}","templated":true}]}}