{"id":130894,"date":"2019-01-14T17:47:44","date_gmt":"2019-01-14T19:47:44","guid":{"rendered":"https:\/\/diarioregionaldigital.com.br\/?p=130894"},"modified":"2019-01-14T17:47:59","modified_gmt":"2019-01-14T19:47:59","slug":"ministro-diz-que-ha-consenso-para-brasil-permanecer-no-acordo-de-paris","status":"publish","type":"post","link":"https:\/\/diarioregionaldigital.com.br\/?p=130894","title":{"rendered":"Ministro diz que h\u00e1 consenso para Brasil permanecer no Acordo de Paris"},"content":{"rendered":"<p>O ministro do Meio Ambiente, Ricardo Salles, nesta segunda-feira, 14, que h\u00e1 um consenso no governo para que o Brasil permane\u00e7a no Acordo de Paris, que estabelece metas entre os signat\u00e1rios para redu\u00e7\u00e3o da emiss\u00e3o de gases causadores do efeito estufa. Durante a campanha e depois de eleito, o presidente Jair Bolsonaro criticou por diversas vezes o acordo e sinalizou que o Brasil poderia abandon\u00e1-lo.<\/p>\n<p>Salles disse que, \u201cpor ora\u201d, o Brasil permanece comprometido com a agenda. Entretanto, segundo o ministro, a implementa\u00e7\u00e3o ocorrer\u00e1 de forma a evitar preju\u00edzos aos empres\u00e1rios brasileiros. \u201cH\u00e1 pontos importantes no acordo que a gente quer valorizar, como aqueles que podem trazer recursos financeiros para o pa\u00eds\u201d, disse ap\u00f3s participar de um almo\u00e7o promovido pelo Sindicato da Habita\u00e7\u00e3o de S\u00e3o Paulo (Secovi-SP).<\/p>\n<p>Segundo o ministro, h\u00e1 pontos mais sens\u00edveis que dizem respeito a transforma\u00e7\u00e3o de princ\u00edpios, valores ou ideias na legisla\u00e7\u00e3o nacional. \u201cRestri\u00e7\u00e3o a gerenciamento do territ\u00f3rio, pol\u00edticas p\u00fablicas, n\u00f3s vamos olhar com muito cuidado, porque o Brasil tem autonomia, como todo pa\u00eds, e deve conseguir tomar conta do territ\u00f3rio de acordo com seus interesses e prioridades\u201d, disse.<\/p>\n<h2>Parques nacionais<\/h2>\n<p>Salles disse ainda que pretende acelerar a concess\u00e3o dos parques nacionais para a iniciativa privada. \u201cQuanto mais concedidos estiverem os parques, melhores eles estar\u00e3o: para a sua conserva\u00e7\u00e3o, para o turismo, para a popula\u00e7\u00e3o brasileira. Ent\u00e3o, n\u00f3s vamos acelerar bastante a concess\u00e3o dos parques nacionais para explora\u00e7\u00e3o pela iniciativa privada, feitas todas as garantias para que haja preserva\u00e7\u00e3o ambiental\u201d.<\/p>\n<p>Segundo o ministro, at\u00e9 o momento n\u00e3o foi estabelecido um cronograma de trabalho para fazer as concess\u00f5es. Salles disse, no entanto, que tem como modelo o Parque Nacional do Igua\u00e7u, no Paran\u00e1.<\/p>\n<h2>Desburocratiza\u00e7\u00e3o<\/h2>\n<p>O ministro defendeu tamb\u00e9m a desburocratiza\u00e7\u00e3o dos processos de licenciamento ambiental. De acordo com ele, o minist\u00e9rio dever\u00e1 ajudar a subsidiar as discuss\u00f5es sobre a Lei Geral do Licenciamento, em tramita\u00e7\u00e3o no Congresso Nacional.<\/p>\n<p>\u201cQuando voc\u00ea tem o licenciamento mais objetivo, mas espec\u00edfico nos pontos sens\u00edveis, voc\u00ea est\u00e1 preservando e cuidando mais do meio ambiente. Hoje, se perde muito tempo, de maneira geral em temas que n\u00e3o s\u00e3o a maior preocupa\u00e7\u00e3o do licenciamento e, aquilo que era realmente o mais importante, acaba sendo tratado, se n\u00e3o em segundo plano, em p\u00e9 de igualdade com quest\u00f5es mais simples\u201d, disse.<\/p>\n<p>&nbsp;<\/p>\n<p>Fonte: Ag\u00eancia Brasil<\/p>\n","protected":false},"excerpt":{"rendered":"<p>O ministro do Meio Ambiente, Ricardo Salles, nesta segunda-feira, 14, que h\u00e1 um consenso no governo para que o Brasil permane\u00e7a no Acordo de Paris, que estabelece metas entre os signat\u00e1rios para redu\u00e7\u00e3o da emiss\u00e3o de gases causadores do efeito estufa. Durante a campanha e depois de eleito, o presidente Jair Bolsonaro criticou por diversas [&hellip;]<\/p>\n","protected":false},"author":96,"featured_media":130896,"comment_status":"closed","ping_status":"closed","sticky":false,"template":"","format":"standard","meta":{"footnotes":""},"categories":[302,436,262,439],"tags":[],"class_list":["post-130894","post","type-post","status-publish","format-standard","has-post-thumbnail","hentry","category-brasil-mundo","category-destaque-da-semana","category-noticias","category-ultima-hora"],"_links":{"self":[{"href":"https:\/\/diarioregionaldigital.com.br\/index.php?rest_route=\/wp\/v2\/posts\/130894","targetHints":{"allow":["GET"]}}],"collection":[{"href":"https:\/\/diarioregionaldigital.com.br\/index.php?rest_route=\/wp\/v2\/posts"}],"about":[{"href":"https:\/\/diarioregionaldigital.com.br\/index.php?rest_route=\/wp\/v2\/types\/post"}],"author":[{"embeddable":true,"href":"https:\/\/diarioregionaldigital.com.br\/index.php?rest_route=\/wp\/v2\/users\/96"}],"replies":[{"embeddable":true,"href":"https:\/\/diarioregionaldigital.com.br\/index.php?rest_route=%2Fwp%2Fv2%2Fcomments&post=130894"}],"version-history":[{"count":0,"href":"https:\/\/diarioregionaldigital.com.br\/index.php?rest_route=\/wp\/v2\/posts\/130894\/revisions"}],"wp:featuredmedia":[{"embeddable":true,"href":"https:\/\/diarioregionaldigital.com.br\/index.php?rest_route=\/wp\/v2\/media\/130896"}],"wp:attachment":[{"href":"https:\/\/diarioregionaldigital.com.br\/index.php?rest_route=%2Fwp%2Fv2%2Fmedia&parent=130894"}],"wp:term":[{"taxonomy":"category","embeddable":true,"href":"https:\/\/diarioregionaldigital.com.br\/index.php?rest_route=%2Fwp%2Fv2%2Fcategories&post=130894"},{"taxonomy":"post_tag","embeddable":true,"href":"https:\/\/diarioregionaldigital.com.br\/index.php?rest_route=%2Fwp%2Fv2%2Ftags&post=130894"}],"curies":[{"name":"wp","href":"https:\/\/api.w.org\/{rel}","templated":true}]}}