{"id":130889,"date":"2019-01-14T17:30:33","date_gmt":"2019-01-14T19:30:33","guid":{"rendered":"https:\/\/diarioregionaldigital.com.br\/?p=130889"},"modified":"2019-01-14T17:30:33","modified_gmt":"2019-01-14T19:30:33","slug":"taxis-estacionados-em-ponto-de-onibus-no-bairro-sao-mateus-e-motivo-de-reclamacao","status":"publish","type":"post","link":"https:\/\/diarioregionaldigital.com.br\/?p=130889","title":{"rendered":"T\u00e1xis estacionados em ponto de \u00f4nibus no bairro S\u00e3o Mateus \u00e9 motivo de reclama\u00e7\u00e3o"},"content":{"rendered":"<p>O ponto de \u00f4nibus localizado pr\u00f3ximo a \u00e1rea de estacionamento do Independ\u00eancia Shopping, na rua Dr. Luiz Gonzaga de Ara\u00fajo, tem sido alvo de reclama\u00e7\u00f5es dos moradores do bairro S\u00e3o Mateus e usu\u00e1rios do transporte coletivo que circulam pelo local. O motivo, segundo eles, \u00e9 que h\u00e1 algum tempo, taxistas est\u00e3o utilizando o espa\u00e7o para estacionar os t\u00e1xis e ocupando o ponto de \u00f4nibus e, consequentemente, atrapalhando as paradas dos coletivos urbanos e dificultando o embarque e desembarque dos passageiros.<\/p>\n<p>No \u00faltimo final de semana, Jos\u00e9 Luiz Britto, Especialista em Modalidade Urbana e morador do bairro S\u00e3o Mateus, caminhava pelo local quando flagrou a situa\u00e7\u00e3o e compartilhou atrav\u00e9s de suas redes sociais.<\/p>\n<div id=\"attachment_130890\" style=\"width: 487px\" class=\"wp-caption aligncenter\"><img loading=\"lazy\" decoding=\"async\" aria-describedby=\"caption-attachment-130890\" class=\" wp-image-130890\" src=\"https:\/\/diarioregionaldigital.com.br\/wp-content\/uploads\/2019\/01\/Untitled-1-300x205.jpg\" alt=\"\" width=\"477\" height=\"326\" srcset=\"https:\/\/diarioregionaldigital.com.br\/wp-content\/uploads\/2019\/01\/Untitled-1-300x205.jpg 300w, https:\/\/diarioregionaldigital.com.br\/wp-content\/uploads\/2019\/01\/Untitled-1-360x246.jpg 360w, https:\/\/diarioregionaldigital.com.br\/wp-content\/uploads\/2019\/01\/Untitled-1.jpg 670w\" sizes=\"auto, (max-width: 477px) 100vw, 477px\" \/><p id=\"caption-attachment-130890\" class=\"wp-caption-text\">Foto: Reprodu\u00e7\u00e3o Facebook<\/p><\/div>\n<p>\u201cMuitas pessoas comentaram na minha publica\u00e7\u00e3o de que essa situa\u00e7\u00e3o \u00e9 rotineira. O \u00f4nibus \u00e9 obrigado a parar no meio da via, da rua e as pessoas saltam daquela altura toda. E se for falar alguma coisa com algum motorista do t\u00e1xi ele briga com a pessoa\u201d, disse Britto. Para o Especialista em Modalidade Urbana, falta fiscaliza\u00e7\u00e3o no local. \u201cAcho que falta fiscaliza\u00e7\u00e3o e algu\u00e9m para denunciar essa situa\u00e7\u00e3o. Eles [os taxistas] t\u00eam que respeitar porque est\u00e3o infligindo o artigo 181 do C\u00f3digo de Tr\u00e2nsito Brasileiro\u201d, disse.<\/p>\n<p>O inciso XIII do Art. 181 do C\u00f3digo de Tr\u00e2nsito Brasileiro (CTB) diz que estacionar \u201conde houver sinaliza\u00e7\u00e3o horizontal delimitadora de ponto de embarque ou desembarque de passageiros de transporte coletivo ou, na inexist\u00eancia desta sinaliza\u00e7\u00e3o, no intervalo compreendido entre dez metros antes e depois do marco do ponto\u201d \u00e9 infra\u00e7\u00e3o m\u00e9dia, prevendo multa, sob o risco de remo\u00e7\u00e3o do ve\u00edculo. Est\u00e1 semana, o Di\u00e1rio Regional divulgou uma mat\u00e9ria que tratava sobre estacionamento irregular, que foi a infra\u00e7\u00e3o de tr\u00e2nsito mais cometida em Juiz de Fora em 2018, com 74.932 autua\u00e7\u00f5es registradas. \u201cAbusos que as pessoas cometem infligindo as normas de tr\u00e2nsito, achando que aquilo \u00e9 por um \u2018minutinho\u2019 e que n\u00e3o tem problema, mas tem problema sim. Se \u00e9 proibido e est\u00e1 fazendo isso, esta cometendo uma infra\u00e7\u00e3o e deve ser punido por isso\u201d, disse.<\/p>\n<p>Eliton Souza, estudante de Jornalismo, j\u00e1 presenciou diversas vezes a situa\u00e7\u00e3o dos t\u00e1xis estacionados no ponto de \u00f4nibus em quest\u00e3o. Segundo ele, o problema n\u00e3o acontece apenas aos finais de semana. \u201cTodos os dias isso acontece. Sempre por volta de 9 horas os taxistas j\u00e1 est\u00e3o em fila no ponto de \u00f4nibus. Chegam at\u00e9 a parar na rua que fica atr\u00e1s do local esperando uma vaga para estacionar no ponto de \u00f4nibus\u201d, disse.<\/p>\n<p>O estudante conta que em nenhuma das vezes foi prejudicado em momentos de embarque ou desembarque, mas relata j\u00e1 ter presenciado situa\u00e7\u00f5es embara\u00e7osas que ocorreram como consequ\u00eancia dos taxistas estarem estacionados no ponto de \u00f4nibus. \u201cEu j\u00e1 vi \u00f4nibus tendo dificuldade para virar na rotat\u00f3ria porque costuma ter gente para embarque e desembarque na rodovi\u00e1ria da Util que tem ali perto. Por n\u00e3o ter vaga, esses \u00f4nibus costumam parar na rotat\u00f3ria e fica dif\u00edcil para os coletivos porque precisam de espa\u00e7o para fazer o giro. Al\u00e9m disso, j\u00e1 vi motorista parando \u00f4nibus no meio da rua e os taxistas nem se movem, \u00e9 como se estivessem em um ponto de t\u00e1xi normal\u201d, relata.<\/p>\n<p>Jos\u00e9 Moreira de Paula, Presidente do Sindicato dos Taxistas de Juiz de Fora e Diretor da Associa\u00e7\u00e3o dos Taxistas, disse que n\u00e3o receberam nenhuma reclama\u00e7\u00e3o ou den\u00fancia sobre o caso em quest\u00e3o. \u201cN\u00e3o recebemos nenhuma notifica\u00e7\u00e3o. Os respons\u00e1veis pela fiscaliza\u00e7\u00e3o notificam os carros que est\u00e3o parados de forma irregular e acabam enviando a notifica\u00e7\u00e3o diretamente para o motorista. N\u00e3o foi feito nenhum contato com o Sindicado\u201d, explica. Moreira pontua que a situa\u00e7\u00e3o acaba acontecendo pela diminui\u00e7\u00e3o no uso do servi\u00e7o de t\u00e1xi. \u201cHouve uma diminui\u00e7\u00e3o do n\u00famero de passageiros e t\u00eam muitos t\u00e1xis circulando, al\u00e9m da concorr\u00eancia da outra empresa. Tamb\u00e9m h\u00e1 a quest\u00e3o de alguns pontos de t\u00e1xis com poucas vagas e muitos taxistas para estacionarem os ve\u00edculos no espa\u00e7o\u201d, disse.<\/p>\n<p>A Secretaria de Transporte e Tr\u00e2nsito (Settra) da Prefeitura de Juiz de Fora se posicionou sobre o caso atrav\u00e9s de nota. \u201cO local \u00e9 fiscalizado de forma espor\u00e1dica, em dias e hor\u00e1rios alternados pelos agentes do Departamento de Fiscaliza\u00e7\u00e3o de Transporte e Tr\u00e2nsito (DFTT) da Secretaria de Transporte e Tr\u00e2nsito (Settra). Nos hor\u00e1rios de pico tamb\u00e9m s\u00e3o feitas fiscaliza\u00e7\u00f5es no endere\u00e7o. Temos registro de diversas autua\u00e7\u00f5es por estacionamento irregular feitas pelos agentes neste ponto de \u00f4nibus. A Settra j\u00e1 recebeu reclama\u00e7\u00f5es do local e foram atendidas. Vale ressaltar que no momento em que flagrem a irregularidade \u00e9 importante acionar a fiscaliza\u00e7\u00e3o atrav\u00e9s do 3690-7400. Caso seja ap\u00f3s \u00e0s 22h o contato deve ser feito com a Pol\u00edcia Militar. O ponto de t\u00e1xi est\u00e1 localizado na Avenida Presidente Itamar Franco, com vagas posicionadas ap\u00f3s a Ascomcer e em frente \u00e0 entrada principal do Shopping.\u201d<\/p>\n","protected":false},"excerpt":{"rendered":"<p>O ponto de \u00f4nibus localizado pr\u00f3ximo a \u00e1rea de estacionamento do Independ\u00eancia Shopping, na rua Dr. Luiz Gonzaga de Ara\u00fajo, tem sido alvo de reclama\u00e7\u00f5es dos moradores do bairro S\u00e3o Mateus e usu\u00e1rios do transporte coletivo que circulam pelo local. O motivo, segundo eles, \u00e9 que h\u00e1 algum tempo, taxistas est\u00e3o utilizando o espa\u00e7o para [&hellip;]<\/p>\n","protected":false},"author":96,"featured_media":130892,"comment_status":"closed","ping_status":"closed","sticky":false,"template":"","format":"standard","meta":{"footnotes":""},"categories":[253,436,440,439],"tags":[],"class_list":["post-130889","post","type-post","status-publish","format-standard","has-post-thumbnail","hentry","category-cidade","category-destaque-da-semana","category-destaques-do-dia","category-ultima-hora"],"_links":{"self":[{"href":"https:\/\/diarioregionaldigital.com.br\/index.php?rest_route=\/wp\/v2\/posts\/130889","targetHints":{"allow":["GET"]}}],"collection":[{"href":"https:\/\/diarioregionaldigital.com.br\/index.php?rest_route=\/wp\/v2\/posts"}],"about":[{"href":"https:\/\/diarioregionaldigital.com.br\/index.php?rest_route=\/wp\/v2\/types\/post"}],"author":[{"embeddable":true,"href":"https:\/\/diarioregionaldigital.com.br\/index.php?rest_route=\/wp\/v2\/users\/96"}],"replies":[{"embeddable":true,"href":"https:\/\/diarioregionaldigital.com.br\/index.php?rest_route=%2Fwp%2Fv2%2Fcomments&post=130889"}],"version-history":[{"count":0,"href":"https:\/\/diarioregionaldigital.com.br\/index.php?rest_route=\/wp\/v2\/posts\/130889\/revisions"}],"wp:featuredmedia":[{"embeddable":true,"href":"https:\/\/diarioregionaldigital.com.br\/index.php?rest_route=\/wp\/v2\/media\/130892"}],"wp:attachment":[{"href":"https:\/\/diarioregionaldigital.com.br\/index.php?rest_route=%2Fwp%2Fv2%2Fmedia&parent=130889"}],"wp:term":[{"taxonomy":"category","embeddable":true,"href":"https:\/\/diarioregionaldigital.com.br\/index.php?rest_route=%2Fwp%2Fv2%2Fcategories&post=130889"},{"taxonomy":"post_tag","embeddable":true,"href":"https:\/\/diarioregionaldigital.com.br\/index.php?rest_route=%2Fwp%2Fv2%2Ftags&post=130889"}],"curies":[{"name":"wp","href":"https:\/\/api.w.org\/{rel}","templated":true}]}}