{"id":130885,"date":"2019-01-14T17:04:33","date_gmt":"2019-01-14T19:04:33","guid":{"rendered":"https:\/\/diarioregionaldigital.com.br\/?p=130885"},"modified":"2019-01-14T17:04:33","modified_gmt":"2019-01-14T19:04:33","slug":"uso-do-tempo-e-tema-de-palestra-gratuita-na-praca-ceu","status":"publish","type":"post","link":"https:\/\/diarioregionaldigital.com.br\/?p=130885","title":{"rendered":"\u201cUso do tempo\u201d \u00e9 tema de palestra gratuita na Pra\u00e7a CEU"},"content":{"rendered":"<p>Na quinta-feira, 17, \u00e0s 18h30, o Centro de Artes e Esportes Unificados \u201cCoronel Adelmir Romualdo de Oliveira\u201d (Pra\u00e7a CEU &#8211; Avenida Juscelino Kubitschek, 5.899 \u2013 Benfica), receber\u00e1 a master coach Saula Maria para momento de reflex\u00e3o e troca de experi\u00eancias sobre \u201cuso do tempo\u201d. O encontro ser\u00e1 gratuito, mas com vagas limitadas. As inscri\u00e7\u00f5es devem ser feitas pelo\u00a0<a href=\"https:\/\/www.sympla.com.br\/tempo-precioso-tempo-como-voce-tem-administrado-o-seu__418027\">site<\/a>.<\/p>\n<p>Saula, que tamb\u00e9m \u00e9 treinadora comportamental e master em programa\u00e7\u00e3o neurolingu\u00edstica, disse que a proposta da palestra \u00e9 levar os participantes a refletirem como t\u00eam utilizado seu tempo: \u201cO momento \u00e9 apropriado para esta abordagem. Estamos iniciando novo ano, com novas promessas de realiza\u00e7\u00e3o. Se n\u00e3o nos organizarmos com rela\u00e7\u00e3o ao uso do tempo, provavelmente terminaremos 2019 com frustra\u00e7\u00f5es e sensa\u00e7\u00f5es de n\u00e3o cumprimento do que nos propusemos realizar\u201d.<\/p>\n<p>A conversa vai girar em torno da manuten\u00e7\u00e3o do foco em prioridades, estar atento sobre o que de fato importa no momento. Saula ressaltou que, nos dias atuais, v\u00e1rios fatores podem comprometer o foco, como as redes sociais, televis\u00e3o, distra\u00e7\u00f5es com escolhas que podem se tornar improdutivas: \u201c\u00c9 preciso minimizar o comprometimento do tempo, ficando atentos \u00e0s a\u00e7\u00f5es banais e desnecess\u00e1rias. Isso acontece quando temos consci\u00eancia do que estamos fazendo de nossa vida. \u00c9 tomar para si o controle\u201d.<\/p>\n<p>&nbsp;<\/p>\n<p>Fonte: PJF<\/p>\n","protected":false},"excerpt":{"rendered":"<p>Na quinta-feira, 17, \u00e0s 18h30, o Centro de Artes e Esportes Unificados \u201cCoronel Adelmir Romualdo de Oliveira\u201d (Pra\u00e7a CEU &#8211; Avenida Juscelino Kubitschek, 5.899 \u2013 Benfica), receber\u00e1 a master coach Saula Maria para momento de reflex\u00e3o e troca de experi\u00eancias sobre \u201cuso do tempo\u201d. O encontro ser\u00e1 gratuito, mas com vagas limitadas. As inscri\u00e7\u00f5es devem [&hellip;]<\/p>\n","protected":false},"author":96,"featured_media":130886,"comment_status":"closed","ping_status":"closed","sticky":false,"template":"","format":"standard","meta":{"footnotes":""},"categories":[253,262,439],"tags":[],"class_list":["post-130885","post","type-post","status-publish","format-standard","has-post-thumbnail","hentry","category-cidade","category-noticias","category-ultima-hora"],"_links":{"self":[{"href":"https:\/\/diarioregionaldigital.com.br\/index.php?rest_route=\/wp\/v2\/posts\/130885","targetHints":{"allow":["GET"]}}],"collection":[{"href":"https:\/\/diarioregionaldigital.com.br\/index.php?rest_route=\/wp\/v2\/posts"}],"about":[{"href":"https:\/\/diarioregionaldigital.com.br\/index.php?rest_route=\/wp\/v2\/types\/post"}],"author":[{"embeddable":true,"href":"https:\/\/diarioregionaldigital.com.br\/index.php?rest_route=\/wp\/v2\/users\/96"}],"replies":[{"embeddable":true,"href":"https:\/\/diarioregionaldigital.com.br\/index.php?rest_route=%2Fwp%2Fv2%2Fcomments&post=130885"}],"version-history":[{"count":0,"href":"https:\/\/diarioregionaldigital.com.br\/index.php?rest_route=\/wp\/v2\/posts\/130885\/revisions"}],"wp:featuredmedia":[{"embeddable":true,"href":"https:\/\/diarioregionaldigital.com.br\/index.php?rest_route=\/wp\/v2\/media\/130886"}],"wp:attachment":[{"href":"https:\/\/diarioregionaldigital.com.br\/index.php?rest_route=%2Fwp%2Fv2%2Fmedia&parent=130885"}],"wp:term":[{"taxonomy":"category","embeddable":true,"href":"https:\/\/diarioregionaldigital.com.br\/index.php?rest_route=%2Fwp%2Fv2%2Fcategories&post=130885"},{"taxonomy":"post_tag","embeddable":true,"href":"https:\/\/diarioregionaldigital.com.br\/index.php?rest_route=%2Fwp%2Fv2%2Ftags&post=130885"}],"curies":[{"name":"wp","href":"https:\/\/api.w.org\/{rel}","templated":true}]}}