{"id":130882,"date":"2019-01-14T16:47:45","date_gmt":"2019-01-14T18:47:45","guid":{"rendered":"https:\/\/diarioregionaldigital.com.br\/?p=130882"},"modified":"2019-01-14T16:47:45","modified_gmt":"2019-01-14T18:47:45","slug":"calcadao-da-rua-sao-joao-recebe-novas-canaletas-de-captacao-pluvial","status":"publish","type":"post","link":"https:\/\/diarioregionaldigital.com.br\/?p=130882","title":{"rendered":"Cal\u00e7ad\u00e3o da Rua S\u00e3o Jo\u00e3o recebe novas canaletas de capta\u00e7\u00e3o pluvial"},"content":{"rendered":"<p>Nesta segunda-feira, 14, a Secretaria de Obras (SO) da Prefeitura de Juiz de Fora (PJF) inicia a troca das canaletas de capta\u00e7\u00e3o de \u00e1guas pluviais do cal\u00e7ad\u00e3o da Rua S\u00e3o Jo\u00e3o, no Centro. As grades de ferro est\u00e3o sendo substitu\u00eddas por equipamentos de concreto. Para isso, s\u00e3o feitas a medi\u00e7\u00e3o do local e a retirada das pedras portuguesas pr\u00f3ximas \u00e0s canaletas de capta\u00e7\u00e3o. A pr\u00f3xima etapa consiste na coloca\u00e7\u00e3o da nova grade, de forma a facilitar sua eventual manuten\u00e7\u00e3o, e recoloca\u00e7\u00e3o das pedras.<\/p>\n<p>Segundo o subsecret\u00e1rio de Opera\u00e7\u00e3o Urbana da SO, Jos\u00e9 Walter \u00c1vila, as canaletas de concreto possuem melhor custo-benef\u00edcio e s\u00e3o mais acess\u00edveis. Ele ressaltou ainda que ser\u00e3o trocadas aproximadamente cem grades e o servi\u00e7o deve durar toda a semana. Al\u00e9m do cal\u00e7ad\u00e3o da Rua S\u00e3o Jo\u00e3o, a Avenida Get\u00falio Vargas e a Pra\u00e7a da Esta\u00e7\u00e3o receberam os novos modelos de grade.<\/p>\n<p>&nbsp;<\/p>\n<p>Fonte: PJF<\/p>\n","protected":false},"excerpt":{"rendered":"<p>Nesta segunda-feira, 14, a Secretaria de Obras (SO) da Prefeitura de Juiz de Fora (PJF) inicia a troca das canaletas de capta\u00e7\u00e3o de \u00e1guas pluviais do cal\u00e7ad\u00e3o da Rua S\u00e3o Jo\u00e3o, no Centro. As grades de ferro est\u00e3o sendo substitu\u00eddas por equipamentos de concreto. Para isso, s\u00e3o feitas a medi\u00e7\u00e3o do local e a retirada [&hellip;]<\/p>\n","protected":false},"author":96,"featured_media":130883,"comment_status":"closed","ping_status":"closed","sticky":false,"template":"","format":"standard","meta":{"footnotes":""},"categories":[253,436,262,439],"tags":[],"class_list":["post-130882","post","type-post","status-publish","format-standard","has-post-thumbnail","hentry","category-cidade","category-destaque-da-semana","category-noticias","category-ultima-hora"],"_links":{"self":[{"href":"https:\/\/diarioregionaldigital.com.br\/index.php?rest_route=\/wp\/v2\/posts\/130882","targetHints":{"allow":["GET"]}}],"collection":[{"href":"https:\/\/diarioregionaldigital.com.br\/index.php?rest_route=\/wp\/v2\/posts"}],"about":[{"href":"https:\/\/diarioregionaldigital.com.br\/index.php?rest_route=\/wp\/v2\/types\/post"}],"author":[{"embeddable":true,"href":"https:\/\/diarioregionaldigital.com.br\/index.php?rest_route=\/wp\/v2\/users\/96"}],"replies":[{"embeddable":true,"href":"https:\/\/diarioregionaldigital.com.br\/index.php?rest_route=%2Fwp%2Fv2%2Fcomments&post=130882"}],"version-history":[{"count":0,"href":"https:\/\/diarioregionaldigital.com.br\/index.php?rest_route=\/wp\/v2\/posts\/130882\/revisions"}],"wp:featuredmedia":[{"embeddable":true,"href":"https:\/\/diarioregionaldigital.com.br\/index.php?rest_route=\/wp\/v2\/media\/130883"}],"wp:attachment":[{"href":"https:\/\/diarioregionaldigital.com.br\/index.php?rest_route=%2Fwp%2Fv2%2Fmedia&parent=130882"}],"wp:term":[{"taxonomy":"category","embeddable":true,"href":"https:\/\/diarioregionaldigital.com.br\/index.php?rest_route=%2Fwp%2Fv2%2Fcategories&post=130882"},{"taxonomy":"post_tag","embeddable":true,"href":"https:\/\/diarioregionaldigital.com.br\/index.php?rest_route=%2Fwp%2Fv2%2Ftags&post=130882"}],"curies":[{"name":"wp","href":"https:\/\/api.w.org\/{rel}","templated":true}]}}