{"id":130875,"date":"2019-01-14T15:36:54","date_gmt":"2019-01-14T17:36:54","guid":{"rendered":"https:\/\/diarioregionaldigital.com.br\/?p=130875"},"modified":"2019-01-14T15:36:54","modified_gmt":"2019-01-14T17:36:54","slug":"juiz-de-fora-novamente-no-haiti","status":"publish","type":"post","link":"https:\/\/diarioregionaldigital.com.br\/?p=130875","title":{"rendered":"Juiz de Fora novamente no Haiti"},"content":{"rendered":"<p>Prosseguindo a nossa miss\u00e3o de compromisso entre a Arquidiocese de Juiz de Fora e a de Porto Pr\u00edncipe, no Haiti, seguimos, para este pa\u00eds, tr\u00eas pessoas. Al\u00e9m de mim, est\u00e3o Padre Leonardo Loures que \u00e9 o Coordenador da Pastoral Mission\u00e1ria e da Comiss\u00e3o Missionaria Diocesana (COMIDI), e o jovem Yago, do Projeto Jovens Mission\u00e1rios Continentais. Viemos para o Haiti em nome de todo o povo de nossa Igreja Particular, que \u00e9 composta por Juiz de Fora e mais 36 munic\u00edpios.<\/p>\n<p>No m\u00eas de julho do ano de 2017, estive tamb\u00e9m no Haiti durante alguns dias com v\u00e1rios jovens e um casal mission\u00e1rio. \u00c0 ocasi\u00e3o, fizemos os primeiros contatos e, sobretudo, um compromisso pessoal e informal de interajuda com os frades da Congrega\u00e7\u00e3o dos Franciscanos da Providencia de Deus. Vimos a pobreza extrema que permanece no Haiti. Vimos o resultado terr\u00edvel dos terremotos e de outros acidentes clim\u00e1ticos que t\u00eam assolado este pa\u00eds. O Haiti \u00e9 o pa\u00eds mais pobre das Am\u00e9ricas. Aqui vive um povo amigo, de bom cora\u00e7\u00e3o, um povo que tem f\u00e9 e que se relaciona bem com todos aqueles que querem ajuda-los. Quase toda a popula\u00e7\u00e3o n\u00e3o tem nada, nem o m\u00ednimo necess\u00e1rio para viver, para morar e at\u00e9 para vestir. Se n\u00e3o fossem as obras de caridade e as organiza\u00e7\u00f5es da Igreja neste pa\u00eds, o sofrimento seria muito maior.<\/p>\n<p>\u00c9 claro que h\u00e1 outras organiza\u00e7\u00f5es internacionais e tamb\u00e9m outras igrejas que atuam aqui, mas, sem nenhuma d\u00favida, o maior n\u00famero de organiza\u00e7\u00f5es de assist\u00eancia social, para a escola, para a medicina, para a alimenta\u00e7\u00e3o, entre outras coisas, s\u00e3o as obras cat\u00f3licas. N\u00f3s n\u00e3o falamos isso por orgulho, nem por desprezo a qualquer outra institui\u00e7\u00e3o, mas para comunicar uma realidade que nos \u00a0envolve . E sendo n\u00f3s cat\u00f3licos, queremos ampliar cada vez mais a ajuda a estas iniciativas, para que o povo possa ter, ao menos, alguma sa\u00edda para suas grandes dificuldades. N\u00f3s estamos, portanto, procurando fazer aquilo que a Arquidiocese de Juiz de Fora, dentro de seus limites, pode oferecer. Para c\u00e1 j\u00e1 vieram outros grupos organizados por n\u00f3s para atender \u00e0s necessidades de sa\u00fade e ajudar os frades franciscanos nesta obra maravilhosa.<\/p>\n<p>A \u00faltima delega\u00e7\u00e3o foi composta pelo Padre Pierre Maur\u00edcio Cantarino, com um casal de m\u00e9dicos, e outro casal que se dedica \u00e0 Pastoral Familiar. Uma das obras mais importantes aqui \u00e9 uma padaria comunit\u00e1ria, organizada e mantida pelos frades, onde as pessoas podem produzir e vender os p\u00e3es, ajudando assim no or\u00e7amento familiar, que \u00e9 sempre pequeno. N\u00f3s pudemos ajudar na doa\u00e7\u00e3o de farinha de trigo e tamb\u00e9m outros materiais. O Padre Pierre organizou uma campanha para a compra de uma nova m\u00e1quina panificadora que est\u00e1 sendo de grande serventia.<\/p>\n<p>Muitas obras s\u00e3o feitas pela Igreja no Haiti, para ajudar esse povo a sair dessa situa\u00e7\u00e3o. A Igreja faz isso porque ela vive pela Palavra de Cristo que diz:\u00a0<em>\u201cTudo que fizerdes ao menor dos meus irm\u00e3os, \u00e9 a mim que estareis fazendo\u201d<\/em>\u00a0(<em>Mt<\/em>\u00a025,40). Ainda no Evangelho de S\u00e3o Mateus, est\u00e1 escrito que v\u00e3o se salvar aqueles que, tendo f\u00e9 em Jesus Cristo, olham as necessidades e fazem as obras de caridade.\u00a0<em>\u201cTive fome e me destes de comer. Tive sede e me destes de beber. Estava nu e me vestistes. Estava na pris\u00e3o e fostes me visitar. Era doente e me socorrestes. Era forasteiro e me acolhestes\u201d (Cf Mt 25, 31-46)<\/em>. Assim \u00e9 a\u00e7\u00e3o da Palavra do Senhor para aqueles que querem ser seus disc\u00edpulos.<\/p>\n<p><em>Dom Gil Ant\u00f4nio Moreira<br \/>\nArcebispo Metropolitano de Juiz de Fora<\/em><\/p>\n","protected":false},"excerpt":{"rendered":"<p>Prosseguindo a nossa miss\u00e3o de compromisso entre a Arquidiocese de Juiz de Fora e a de Porto Pr\u00edncipe, no Haiti, seguimos, para este pa\u00eds, tr\u00eas pessoas. Al\u00e9m de mim, est\u00e3o Padre Leonardo Loures que \u00e9 o Coordenador da Pastoral Mission\u00e1ria e da Comiss\u00e3o Missionaria Diocesana (COMIDI), e o jovem Yago, do Projeto Jovens Mission\u00e1rios Continentais. [&hellip;]<\/p>\n","protected":false},"author":96,"featured_media":130876,"comment_status":"closed","ping_status":"closed","sticky":false,"template":"","format":"standard","meta":{"footnotes":""},"categories":[435,436,276,439],"tags":[],"class_list":["post-130875","post","type-post","status-publish","format-standard","has-post-thumbnail","hentry","category-colunas","category-destaque-da-semana","category-dom-gil","category-ultima-hora"],"_links":{"self":[{"href":"https:\/\/diarioregionaldigital.com.br\/index.php?rest_route=\/wp\/v2\/posts\/130875","targetHints":{"allow":["GET"]}}],"collection":[{"href":"https:\/\/diarioregionaldigital.com.br\/index.php?rest_route=\/wp\/v2\/posts"}],"about":[{"href":"https:\/\/diarioregionaldigital.com.br\/index.php?rest_route=\/wp\/v2\/types\/post"}],"author":[{"embeddable":true,"href":"https:\/\/diarioregionaldigital.com.br\/index.php?rest_route=\/wp\/v2\/users\/96"}],"replies":[{"embeddable":true,"href":"https:\/\/diarioregionaldigital.com.br\/index.php?rest_route=%2Fwp%2Fv2%2Fcomments&post=130875"}],"version-history":[{"count":0,"href":"https:\/\/diarioregionaldigital.com.br\/index.php?rest_route=\/wp\/v2\/posts\/130875\/revisions"}],"wp:featuredmedia":[{"embeddable":true,"href":"https:\/\/diarioregionaldigital.com.br\/index.php?rest_route=\/wp\/v2\/media\/130876"}],"wp:attachment":[{"href":"https:\/\/diarioregionaldigital.com.br\/index.php?rest_route=%2Fwp%2Fv2%2Fmedia&parent=130875"}],"wp:term":[{"taxonomy":"category","embeddable":true,"href":"https:\/\/diarioregionaldigital.com.br\/index.php?rest_route=%2Fwp%2Fv2%2Fcategories&post=130875"},{"taxonomy":"post_tag","embeddable":true,"href":"https:\/\/diarioregionaldigital.com.br\/index.php?rest_route=%2Fwp%2Fv2%2Ftags&post=130875"}],"curies":[{"name":"wp","href":"https:\/\/api.w.org\/{rel}","templated":true}]}}