{"id":130871,"date":"2019-01-14T14:33:53","date_gmt":"2019-01-14T16:33:53","guid":{"rendered":"https:\/\/diarioregionaldigital.com.br\/?p=130871"},"modified":"2019-01-14T14:33:53","modified_gmt":"2019-01-14T16:33:53","slug":"bolsonaro-almoca-no-ministerio-da-defesa","status":"publish","type":"post","link":"https:\/\/diarioregionaldigital.com.br\/?p=130871","title":{"rendered":"Bolsonaro almo\u00e7a no Minist\u00e9rio da Defesa"},"content":{"rendered":"<p>O presidente Jair Bolsonaro participou nesta segunda-feira, 14, de um almo\u00e7o oferecido pelo ministro da Defesa, Fernando Azevedo, na sede do minist\u00e9rio, em Bras\u00edlia.<\/p>\n<p>Azevedo passou parte do dia em reuni\u00e3o com os comandantes das For\u00e7as Armadas e do Estado-Maior Conjunto das For\u00e7as Armadas (EMCFA). Amanh\u00e3, haver\u00e1 a cerim\u00f4nia de transmiss\u00e3o de cargo das chefias do EMCFA e da Secretaria-Geral do Minist\u00e9rio da Defesa.<\/p>\n<p>O tenente-brigadeiro do Ar Raul Botelho assumir\u00e1 o EMCFA no lugar do almirante de Esquadra Ademir Sobrinho. Na Secretaria-Geral, o almirante de Esquadra Almir Garnier Santos substituir\u00e1 o tenente-brigadeiro do Ar Carlos Augusto Amaral Oliveira.<\/p>\n<p>Al\u00e9m das autoridades que assumem e deixam os seus cargos, tamb\u00e9m participaram do almo\u00e7o desta segunda-feira os ministros S\u00e9rgio Moro, da Justi\u00e7a e Seguran\u00e7a P\u00fablica; Augusto Heleno, do Gabinete de Seguran\u00e7a Institucional; e Ernesto Ara\u00fajo, das Rela\u00e7\u00f5es Exteriores.<\/p>\n<p>E tamb\u00e9m os comandantes das For\u00e7as Armadas, almirante Ilques Barbosa, da Marinha; general Edson Leal Pujol, do Ex\u00e9rcito; e brigadeiro Antonio Carlos Moretti.<\/p>\n<p>&nbsp;<\/p>\n<p>Fonte: Ag\u00eancia Brasil<\/p>\n","protected":false},"excerpt":{"rendered":"<p>O presidente Jair Bolsonaro participou nesta segunda-feira, 14, de um almo\u00e7o oferecido pelo ministro da Defesa, Fernando Azevedo, na sede do minist\u00e9rio, em Bras\u00edlia. Azevedo passou parte do dia em reuni\u00e3o com os comandantes das For\u00e7as Armadas e do Estado-Maior Conjunto das For\u00e7as Armadas (EMCFA). Amanh\u00e3, haver\u00e1 a cerim\u00f4nia de transmiss\u00e3o de cargo das chefias [&hellip;]<\/p>\n","protected":false},"author":96,"featured_media":97709,"comment_status":"closed","ping_status":"closed","sticky":false,"template":"","format":"standard","meta":{"footnotes":""},"categories":[302,436,262,439],"tags":[],"class_list":["post-130871","post","type-post","status-publish","format-standard","has-post-thumbnail","hentry","category-brasil-mundo","category-destaque-da-semana","category-noticias","category-ultima-hora"],"_links":{"self":[{"href":"https:\/\/diarioregionaldigital.com.br\/index.php?rest_route=\/wp\/v2\/posts\/130871","targetHints":{"allow":["GET"]}}],"collection":[{"href":"https:\/\/diarioregionaldigital.com.br\/index.php?rest_route=\/wp\/v2\/posts"}],"about":[{"href":"https:\/\/diarioregionaldigital.com.br\/index.php?rest_route=\/wp\/v2\/types\/post"}],"author":[{"embeddable":true,"href":"https:\/\/diarioregionaldigital.com.br\/index.php?rest_route=\/wp\/v2\/users\/96"}],"replies":[{"embeddable":true,"href":"https:\/\/diarioregionaldigital.com.br\/index.php?rest_route=%2Fwp%2Fv2%2Fcomments&post=130871"}],"version-history":[{"count":0,"href":"https:\/\/diarioregionaldigital.com.br\/index.php?rest_route=\/wp\/v2\/posts\/130871\/revisions"}],"wp:featuredmedia":[{"embeddable":true,"href":"https:\/\/diarioregionaldigital.com.br\/index.php?rest_route=\/wp\/v2\/media\/97709"}],"wp:attachment":[{"href":"https:\/\/diarioregionaldigital.com.br\/index.php?rest_route=%2Fwp%2Fv2%2Fmedia&parent=130871"}],"wp:term":[{"taxonomy":"category","embeddable":true,"href":"https:\/\/diarioregionaldigital.com.br\/index.php?rest_route=%2Fwp%2Fv2%2Fcategories&post=130871"},{"taxonomy":"post_tag","embeddable":true,"href":"https:\/\/diarioregionaldigital.com.br\/index.php?rest_route=%2Fwp%2Fv2%2Ftags&post=130871"}],"curies":[{"name":"wp","href":"https:\/\/api.w.org\/{rel}","templated":true}]}}