{"id":130865,"date":"2019-01-14T14:14:33","date_gmt":"2019-01-14T16:14:33","guid":{"rendered":"https:\/\/diarioregionaldigital.com.br\/?p=130865"},"modified":"2019-01-14T14:14:33","modified_gmt":"2019-01-14T16:14:33","slug":"cem-abre-inscricoes-para-cursos-a-partir-desta-segunda-feira","status":"publish","type":"post","link":"https:\/\/diarioregionaldigital.com.br\/?p=130865","title":{"rendered":"CEM abre inscri\u00e7\u00f5es para cursos a partir desta segunda-feira"},"content":{"rendered":"<p>O Centro de Educa\u00e7\u00e3o de Jovens e Adultos Doutor Geraldo Moutinho (CEM) abriu, nesta segunda-feira, 14, o per\u00edodo de inscri\u00e7\u00f5es para os cursos oferecidos de forma gratuita para maiores de 12 anos. Os interessados t\u00eam at\u00e9 sexta-feira, 18, para ir at\u00e9 o CEM, das 8 \u00e0s 14 horas, levando a c\u00f3pia dos seguintes documentos: carteira de identidade (RG), Cadastro de Pessoa F\u00edsica (CPF), comprovante de resid\u00eancia atual e comprovante de escolaridade (caso esteja matriculado no ano de 2019).<\/p>\n<p><b>Confira os cursos que est\u00e3o com inscri\u00e7\u00f5es abertas:<\/b><\/p>\n<p>Artesanato \u2013 manh\u00e3 e tarde;<\/p>\n<p>Capoeira \u2013 tarde;<\/p>\n<p>Confec\u00e7\u00e3o de bolsas, biscuit e boneca \u2013 manh\u00e3 e tarde;<\/p>\n<p>Conta\u00e7\u00e3o de hist\u00f3rias \u2013 tarde e noite;<\/p>\n<p>Costura \/ Artes visuais \u2013 manh\u00e3 e tarde;<\/p>\n<p>Dan\u00e7a \u2013 manh\u00e3, tarde e noite;<\/p>\n<p>Desenho art\u00edstico \u2013 manh\u00e3, tarde e noite;<\/p>\n<p>Espanhol \u2013 manh\u00e3, tarde e noite;<\/p>\n<p>Futsal \u2013 noite;<\/p>\n<p>Gin\u00e1stica cerebral \u2013 tarde;<\/p>\n<p>Inform\u00e1tica \u2013 manh\u00e3, tarde e noite;<\/p>\n<p>Ingl\u00eas \u2013 tarde e noite;<\/p>\n<p>Libras \u2013 manh\u00e3 e tarde;<\/p>\n<p>Manicure \u2013 tarde;<\/p>\n<p>Sarau poesia \u2013 tarde;<\/p>\n<p>M\u00fasica \u2013 manh\u00e3 e tarde;<\/p>\n<p>Teatro \u2013 manh\u00e3 e tarde;<\/p>\n<p>Viol\u00e3o \u2013 manh\u00e3, tarde e noite.<\/p>\n<p>O CEM fica na Travessa Dr. Prisco, 57, Centro. Para mais informa\u00e7\u00f5es sobre os cursos ligue 3690-7637.<\/p>\n<p>&nbsp;<\/p>\n<p>Fonte: PJF<\/p>\n","protected":false},"excerpt":{"rendered":"<p>O Centro de Educa\u00e7\u00e3o de Jovens e Adultos Doutor Geraldo Moutinho (CEM) abriu, nesta segunda-feira, 14, o per\u00edodo de inscri\u00e7\u00f5es para os cursos oferecidos de forma gratuita para maiores de 12 anos. Os interessados t\u00eam at\u00e9 sexta-feira, 18, para ir at\u00e9 o CEM, das 8 \u00e0s 14 horas, levando a c\u00f3pia dos seguintes documentos: carteira [&hellip;]<\/p>\n","protected":false},"author":96,"featured_media":130741,"comment_status":"closed","ping_status":"closed","sticky":false,"template":"","format":"standard","meta":{"footnotes":""},"categories":[253,436,262,439],"tags":[],"class_list":["post-130865","post","type-post","status-publish","format-standard","has-post-thumbnail","hentry","category-cidade","category-destaque-da-semana","category-noticias","category-ultima-hora"],"_links":{"self":[{"href":"https:\/\/diarioregionaldigital.com.br\/index.php?rest_route=\/wp\/v2\/posts\/130865","targetHints":{"allow":["GET"]}}],"collection":[{"href":"https:\/\/diarioregionaldigital.com.br\/index.php?rest_route=\/wp\/v2\/posts"}],"about":[{"href":"https:\/\/diarioregionaldigital.com.br\/index.php?rest_route=\/wp\/v2\/types\/post"}],"author":[{"embeddable":true,"href":"https:\/\/diarioregionaldigital.com.br\/index.php?rest_route=\/wp\/v2\/users\/96"}],"replies":[{"embeddable":true,"href":"https:\/\/diarioregionaldigital.com.br\/index.php?rest_route=%2Fwp%2Fv2%2Fcomments&post=130865"}],"version-history":[{"count":0,"href":"https:\/\/diarioregionaldigital.com.br\/index.php?rest_route=\/wp\/v2\/posts\/130865\/revisions"}],"wp:featuredmedia":[{"embeddable":true,"href":"https:\/\/diarioregionaldigital.com.br\/index.php?rest_route=\/wp\/v2\/media\/130741"}],"wp:attachment":[{"href":"https:\/\/diarioregionaldigital.com.br\/index.php?rest_route=%2Fwp%2Fv2%2Fmedia&parent=130865"}],"wp:term":[{"taxonomy":"category","embeddable":true,"href":"https:\/\/diarioregionaldigital.com.br\/index.php?rest_route=%2Fwp%2Fv2%2Fcategories&post=130865"},{"taxonomy":"post_tag","embeddable":true,"href":"https:\/\/diarioregionaldigital.com.br\/index.php?rest_route=%2Fwp%2Fv2%2Ftags&post=130865"}],"curies":[{"name":"wp","href":"https:\/\/api.w.org\/{rel}","templated":true}]}}