{"id":130860,"date":"2019-01-14T14:04:16","date_gmt":"2019-01-14T16:04:16","guid":{"rendered":"https:\/\/diarioregionaldigital.com.br\/?p=130860"},"modified":"2019-01-14T14:04:16","modified_gmt":"2019-01-14T16:04:16","slug":"carreta-tomba-na-br-356-e-motorista-fica-ferido","status":"publish","type":"post","link":"https:\/\/diarioregionaldigital.com.br\/?p=130860","title":{"rendered":"Carreta tomba na BR-356 e motorista fica ferido"},"content":{"rendered":"<p>Uma carreta com placas da cidade mineira de Al\u00e9m Para\u00edba, carregada com bauxita, tombou no trecho da rodovia BR-356, entre Muria\u00e9 e o distrito de Vermelho, na manh\u00e3 desta segunda-feira, 14. O motorista, que seguia sozinho sentido a Muria\u00e9, sofreu fratura no antebra\u00e7o esquerdo e foi socorrido pelo Corpo de Bombeiros e Samu, sendo encaminhado ao Hospital da cidade.<\/p>\n<p>Segundo o corpo de bombeiros, o motorista da carreta foi retirado da cabine por populares, e teria perdido o controle da dire\u00e7\u00e3o devido a um mal s\u00fabito.<\/p>\n<p>O ve\u00edculo cruzou a pista contr\u00e1ria, tombou para fora da estrada e so chocou contra o muro de um im\u00f3vel, derrubando parte da estrutura feita de blocos de concreto.<\/p>\n<p>A rodovia n\u00e3o precisou ser interditada e o registro da ocorr\u00eancia dever\u00e1 ser confeccionado pela Pol\u00edcia Militar Rodovi\u00e1ria (PMR).<\/p>\n<p>Fonte: R\u00e1dio Muria\u00e9<\/p>\n","protected":false},"excerpt":{"rendered":"<p>Uma carreta com placas da cidade mineira de Al\u00e9m Para\u00edba, carregada com bauxita, tombou no trecho da rodovia BR-356, entre Muria\u00e9 e o distrito de Vermelho, na manh\u00e3 desta segunda-feira, 14. O motorista, que seguia sozinho sentido a Muria\u00e9, sofreu fratura no antebra\u00e7o esquerdo e foi socorrido pelo Corpo de Bombeiros e Samu, sendo encaminhado [&hellip;]<\/p>\n","protected":false},"author":96,"featured_media":130862,"comment_status":"closed","ping_status":"closed","sticky":false,"template":"","format":"standard","meta":{"footnotes":""},"categories":[436,262,252,439],"tags":[],"class_list":["post-130860","post","type-post","status-publish","format-standard","has-post-thumbnail","hentry","category-destaque-da-semana","category-noticias","category-regiao","category-ultima-hora"],"_links":{"self":[{"href":"https:\/\/diarioregionaldigital.com.br\/index.php?rest_route=\/wp\/v2\/posts\/130860","targetHints":{"allow":["GET"]}}],"collection":[{"href":"https:\/\/diarioregionaldigital.com.br\/index.php?rest_route=\/wp\/v2\/posts"}],"about":[{"href":"https:\/\/diarioregionaldigital.com.br\/index.php?rest_route=\/wp\/v2\/types\/post"}],"author":[{"embeddable":true,"href":"https:\/\/diarioregionaldigital.com.br\/index.php?rest_route=\/wp\/v2\/users\/96"}],"replies":[{"embeddable":true,"href":"https:\/\/diarioregionaldigital.com.br\/index.php?rest_route=%2Fwp%2Fv2%2Fcomments&post=130860"}],"version-history":[{"count":0,"href":"https:\/\/diarioregionaldigital.com.br\/index.php?rest_route=\/wp\/v2\/posts\/130860\/revisions"}],"wp:featuredmedia":[{"embeddable":true,"href":"https:\/\/diarioregionaldigital.com.br\/index.php?rest_route=\/wp\/v2\/media\/130862"}],"wp:attachment":[{"href":"https:\/\/diarioregionaldigital.com.br\/index.php?rest_route=%2Fwp%2Fv2%2Fmedia&parent=130860"}],"wp:term":[{"taxonomy":"category","embeddable":true,"href":"https:\/\/diarioregionaldigital.com.br\/index.php?rest_route=%2Fwp%2Fv2%2Fcategories&post=130860"},{"taxonomy":"post_tag","embeddable":true,"href":"https:\/\/diarioregionaldigital.com.br\/index.php?rest_route=%2Fwp%2Fv2%2Ftags&post=130860"}],"curies":[{"name":"wp","href":"https:\/\/api.w.org\/{rel}","templated":true}]}}