{"id":130857,"date":"2019-01-14T13:45:46","date_gmt":"2019-01-14T15:45:46","guid":{"rendered":"https:\/\/diarioregionaldigital.com.br\/?p=130857"},"modified":"2019-01-14T13:45:46","modified_gmt":"2019-01-14T15:45:46","slug":"abertas-as-inscricoes-para-ocupacao-artistica-do-cine-theatro-central","status":"publish","type":"post","link":"https:\/\/diarioregionaldigital.com.br\/?p=130857","title":{"rendered":"Abertas as inscri\u00e7\u00f5es para ocupa\u00e7\u00e3o art\u00edstica do Cine-Theatro Central"},"content":{"rendered":"<p>J\u00e1 est\u00e3o abertas as inscri\u00e7\u00f5es para a ocupa\u00e7\u00e3o art\u00edstica do Cine-Theatro Central da Universidade Federal de Juiz de Fora (UFJF) para o per\u00edodo de 1\u00ba de abril de 2019 a 30 de abril de 2020. O edital estabelece 60 agendamentos para a Chamada P\u00fablica, 15 para o projeto Luz da Terra e outras 45 datas para atendimento de demanda espont\u00e2nea dentro do mesmo per\u00edodo.<\/p>\n<p>Tanto a Chamada P\u00fablica quanto a Demanda Espont\u00e2nea est\u00e3o destinadas a espet\u00e1culos de teatro adulto e infantil; dan\u00e7a; m\u00fasica; confer\u00eancias; palestras; formaturas; e eventos afins.<\/p>\n<p>As 15 vagas para o projeto Luz da Terra\u00a0ser\u00e3o ocupadas via sele\u00e7\u00e3o \u00e0 parte<i>,<\/i>levando em conta edital pr\u00f3prio do projeto, que est\u00e1 sendo lan\u00e7ado concomitantemente \u00e0 Chamada P\u00fablica, seguindo assim o mesmo calend\u00e1rio de inscri\u00e7\u00e3o, avalia\u00e7\u00e3o, resultado parcial, recurso e resultado final.<\/p>\n<p>O Luz da Terra\u00a0\u00e9 voltado exclusivamente para produ\u00e7\u00e3o local a pre\u00e7os populares. Caso as vagas do projeto n\u00e3o sejam ocupadas, elas ser\u00e3o direcionadas \u00e0 modalidade de demanda espont\u00e2nea. Para concorrer ao Luz da Terra, os interessados precisam comprovar a resid\u00eancia na cidade por pelo menos tr\u00eas anos.<\/p>\n<p>A ocupa\u00e7\u00e3o do espa\u00e7o via edital tem o objetivo de dar transpar\u00eancia ao processo e tornar democr\u00e1tico o acesso de produtores e artistas ao mais antigo teatro da cidade.<\/p>\n<p><b>Inscri\u00e7\u00f5es<\/b><\/p>\n<p>Os projetos de ocupa\u00e7\u00e3o do Central poder\u00e3o ser inscritos tanto por pessoas jur\u00eddicas (produtores teatrais, associa\u00e7\u00f5es de classe, entidades, grupos de artistas em teatro, entre outros), quanto por pessoas f\u00edsicas.<\/p>\n<p>As inscri\u00e7\u00f5es dever\u00e3o ser feitas at\u00e9 14 de fevereiro, presencialmente, de ter\u00e7a a sexta-feira, das 9h \u00e0s 12h e das 14h \u00e0s 17h. Os documentos devem ser entregues em envelope lacrado e tamb\u00e9m podem ser enviados pelos Correios (exclusivamente via Sedex), at\u00e9 a data limite.<\/p>\n<p>A lista de documentos para inscri\u00e7\u00e3o inclui: formul\u00e1rios de cadastro de proposta devidamente preenchidos por digita\u00e7\u00e3o; documentos de identifica\u00e7\u00e3o e que atestem o proponente como representante do grupo interessado, entre outros (conferir lista completa no edital).<\/p>\n<p>O resultado da sele\u00e7\u00e3o dos projetos ser\u00e1 divulgado no dia 20 de fevereiro, havendo possibilidade de pedido de recurso at\u00e9 27 de fevereiro. O resultado final ser\u00e1 divulgado no dia 1\u00ba de mar\u00e7o.<\/p>\n<p>Tanto o edital quanto o formul\u00e1rio de inscri\u00e7\u00e3o est\u00e3o dispon\u00edveis nas p\u00e1ginas do\u00a0<a href=\"http:\/\/www.theatrocentral.com.br\/\" target=\"_blank\" rel=\"noopener\">Cine-Theatro Central\u00a0<\/a>e da\u00a0<a href=\"http:\/\/www.ufjf.br\/procult\" target=\"_blank\" rel=\"noopener\">Pr\u00f3-reitoria de Cultura<\/a>.<\/p>\n<p><b>Crit\u00e9rios<\/b><\/p>\n<p>Os projetos inscritos passar\u00e3o por um processo de triagem, no qual ser\u00e1 verificada a apresenta\u00e7\u00e3o de informa\u00e7\u00f5es e documenta\u00e7\u00e3o necess\u00e1ria. Os projetos classificados nesta fase ser\u00e3o, em seguida, avaliados pelo Conselho Diretor do Cine-Theatro Central, que os julgar\u00e1 com base em quatro crit\u00e9rios: m\u00e9rito (originalidade; criatividade; e inova\u00e7\u00e3o nos conceitos e\/ou execu\u00e7\u00e3o); exequibilidade; relev\u00e2ncia cultural (reconhecimento de valores culturais importantes advindos da proposta); e diversidade (abrang\u00eancia de \u00e1reas diversas no projeto). Cada um deles poder\u00e1 receber at\u00e9 25 pontos. A Chamada estabelece ainda crit\u00e9rios para desempate.<\/p>\n<p>Confira o\u00a0<a href=\"http:\/\/www2.ufjf.br\/noticias\/wp-content\/uploads\/sites\/2\/2019\/01\/central-chamada-pblica-1_2019.pdf\" target=\"_blank\" rel=\"noopener\">edital de Chamada P\u00fablica<\/a><\/p>\n<p>Confira o\u00a0<a href=\"http:\/\/www2.ufjf.br\/noticias\/wp-content\/uploads\/sites\/2\/2019\/01\/edital-2019.pdf\" target=\"_blank\" rel=\"noopener\">edital do Projeto Luz da Terra<\/a><\/p>\n<p>&nbsp;<\/p>\n<p>Fonte: UFJF<\/p>\n","protected":false},"excerpt":{"rendered":"<p>J\u00e1 est\u00e3o abertas as inscri\u00e7\u00f5es para a ocupa\u00e7\u00e3o art\u00edstica do Cine-Theatro Central da Universidade Federal de Juiz de Fora (UFJF) para o per\u00edodo de 1\u00ba de abril de 2019 a 30 de abril de 2020. O edital estabelece 60 agendamentos para a Chamada P\u00fablica, 15 para o projeto Luz da Terra e outras 45 datas [&hellip;]<\/p>\n","protected":false},"author":96,"featured_media":130858,"comment_status":"closed","ping_status":"closed","sticky":false,"template":"","format":"standard","meta":{"footnotes":""},"categories":[256,436,262,439],"tags":[],"class_list":["post-130857","post","type-post","status-publish","format-standard","has-post-thumbnail","hentry","category-cultura","category-destaque-da-semana","category-noticias","category-ultima-hora"],"_links":{"self":[{"href":"https:\/\/diarioregionaldigital.com.br\/index.php?rest_route=\/wp\/v2\/posts\/130857","targetHints":{"allow":["GET"]}}],"collection":[{"href":"https:\/\/diarioregionaldigital.com.br\/index.php?rest_route=\/wp\/v2\/posts"}],"about":[{"href":"https:\/\/diarioregionaldigital.com.br\/index.php?rest_route=\/wp\/v2\/types\/post"}],"author":[{"embeddable":true,"href":"https:\/\/diarioregionaldigital.com.br\/index.php?rest_route=\/wp\/v2\/users\/96"}],"replies":[{"embeddable":true,"href":"https:\/\/diarioregionaldigital.com.br\/index.php?rest_route=%2Fwp%2Fv2%2Fcomments&post=130857"}],"version-history":[{"count":0,"href":"https:\/\/diarioregionaldigital.com.br\/index.php?rest_route=\/wp\/v2\/posts\/130857\/revisions"}],"wp:featuredmedia":[{"embeddable":true,"href":"https:\/\/diarioregionaldigital.com.br\/index.php?rest_route=\/wp\/v2\/media\/130858"}],"wp:attachment":[{"href":"https:\/\/diarioregionaldigital.com.br\/index.php?rest_route=%2Fwp%2Fv2%2Fmedia&parent=130857"}],"wp:term":[{"taxonomy":"category","embeddable":true,"href":"https:\/\/diarioregionaldigital.com.br\/index.php?rest_route=%2Fwp%2Fv2%2Fcategories&post=130857"},{"taxonomy":"post_tag","embeddable":true,"href":"https:\/\/diarioregionaldigital.com.br\/index.php?rest_route=%2Fwp%2Fv2%2Ftags&post=130857"}],"curies":[{"name":"wp","href":"https:\/\/api.w.org\/{rel}","templated":true}]}}