{"id":130853,"date":"2019-01-14T13:32:45","date_gmt":"2019-01-14T15:32:45","guid":{"rendered":"https:\/\/diarioregionaldigital.com.br\/?p=130853"},"modified":"2019-01-14T13:32:45","modified_gmt":"2019-01-14T15:32:45","slug":"ex-comandante-da-marinha-e-indicado-para-o-conselho-da-petrobras","status":"publish","type":"post","link":"https:\/\/diarioregionaldigital.com.br\/?p=130853","title":{"rendered":"Ex-comandante da Marinha \u00e9 indicado para o conselho da Petrobras"},"content":{"rendered":"<p>O governo indicou tr\u00eas novos membros para o Conselho de Administra\u00e7\u00e3o da Petrobras. O ex-comandante da Marinha almirante de esquadra Eduardo Bacellar Leal Ferreira, para a presid\u00eancia do conselho; o ex-presidente da Ag\u00eancia Nacional do Petr\u00f3leo John Milne Albuquerque Forman; e o economista Jo\u00e3o Cox.<\/p>\n<p>Os tr\u00eas indicados dever\u00e3o substituir Luiz Nelson Carvalho, Francisco Petros e Durval Jos\u00e9 Soledade Santos.<\/p>\n<p>Em comunicado nesta segunta-feira, 14, ao mercado, a estatal lembra que Carvalho e Petros j\u00e1 haviam apresentado pedido de ren\u00fancia no dia 1\u00ba de janeiro, enquanto a ren\u00fancia de Soledade foi apresentada hoje e ser\u00e1 efetivada a partir de 4 de fevereiro.<\/p>\n<p>A nova composi\u00e7\u00e3o do Conselho de Administra\u00e7\u00e3o, ap\u00f3s aprovadas as indica\u00e7\u00f5es, manter\u00e1 o percentual m\u00ednimo de 40% de membros independentes, em estrita observ\u00e2ncia ao Estatuto Social da companhia.<\/p>\n<p>\u201cAs referidas indica\u00e7\u00f5es ainda ser\u00e3o submetidas aos procedimentos de governan\u00e7a corporativa da Petrobras, incluindo as respectivas an\u00e1lises de conformidade e integridade requeridas pelo processo sucess\u00f3rio da companhia, com aprecia\u00e7\u00e3o pelo Comit\u00ea de Indica\u00e7\u00e3o, Remunera\u00e7\u00e3o e Sucess\u00e3o, e pelo Conselho de Administra\u00e7\u00e3o e, posteriormente, pela Assembleia Geral de Acionistas\u201d, diz o comunicado da estatal.<\/p>\n<h2>Indicados<\/h2>\n<p>O almirante Leal Ferreira foi comandante da Marinha at\u00e9 janeiro do ano passado. Al\u00e9m da Escola Naval, recebeu treinamento de n\u00edvel superior na Escola de Guerra Naval do Brasil, na Academia de Guerra Naval do Chile e na Academia Naval de Annapolis dos EUA. Antes de ser comandante da Marinha exerceu v\u00e1rios cargos importantes na for\u00e7a, tendo sido chefe do Estado Maior da Marinha e Comandante-em-chefe da Esquadra.<\/p>\n<p>John Forman \u00e9 considerado um dos maiores especialistas brasileiros em geologia e energia, tendo exercido v\u00e1rios cargos executivos na iniciativa privada e em \u00f3rg\u00e3os do governo. Foi presidente da Unipar, da Nuclebr\u00e1s, diretor da Ag\u00eancia Nacional do Petr\u00f3leo, G\u00e1s e Biocombust\u00edveis (ANP) e diretor de v\u00e1rias outras empresas, al\u00e9m de membro do Conselho de Administra\u00e7\u00e3o de companhias privadas e estatais na ind\u00fastria petroqu\u00edmica e energia.<\/p>\n<p>O economista Jo\u00e3o Cox tem especializa\u00e7\u00e3o em economia petroqu\u00edmica pela Universidade de Oxford, Reino Unido. Foi presidente da Telemig Celular e da Claro, entre outras posi\u00e7\u00f5es de destaque.<\/p>\n<p>&nbsp;<\/p>\n<p>Fonte: Ag\u00eancia Brasil<\/p>\n","protected":false},"excerpt":{"rendered":"<p>O governo indicou tr\u00eas novos membros para o Conselho de Administra\u00e7\u00e3o da Petrobras. O ex-comandante da Marinha almirante de esquadra Eduardo Bacellar Leal Ferreira, para a presid\u00eancia do conselho; o ex-presidente da Ag\u00eancia Nacional do Petr\u00f3leo John Milne Albuquerque Forman; e o economista Jo\u00e3o Cox. Os tr\u00eas indicados dever\u00e3o substituir Luiz Nelson Carvalho, Francisco Petros [&hellip;]<\/p>\n","protected":false},"author":96,"featured_media":130854,"comment_status":"closed","ping_status":"closed","sticky":false,"template":"","format":"standard","meta":{"footnotes":""},"categories":[302,436,262,439],"tags":[],"class_list":["post-130853","post","type-post","status-publish","format-standard","has-post-thumbnail","hentry","category-brasil-mundo","category-destaque-da-semana","category-noticias","category-ultima-hora"],"_links":{"self":[{"href":"https:\/\/diarioregionaldigital.com.br\/index.php?rest_route=\/wp\/v2\/posts\/130853","targetHints":{"allow":["GET"]}}],"collection":[{"href":"https:\/\/diarioregionaldigital.com.br\/index.php?rest_route=\/wp\/v2\/posts"}],"about":[{"href":"https:\/\/diarioregionaldigital.com.br\/index.php?rest_route=\/wp\/v2\/types\/post"}],"author":[{"embeddable":true,"href":"https:\/\/diarioregionaldigital.com.br\/index.php?rest_route=\/wp\/v2\/users\/96"}],"replies":[{"embeddable":true,"href":"https:\/\/diarioregionaldigital.com.br\/index.php?rest_route=%2Fwp%2Fv2%2Fcomments&post=130853"}],"version-history":[{"count":0,"href":"https:\/\/diarioregionaldigital.com.br\/index.php?rest_route=\/wp\/v2\/posts\/130853\/revisions"}],"wp:featuredmedia":[{"embeddable":true,"href":"https:\/\/diarioregionaldigital.com.br\/index.php?rest_route=\/wp\/v2\/media\/130854"}],"wp:attachment":[{"href":"https:\/\/diarioregionaldigital.com.br\/index.php?rest_route=%2Fwp%2Fv2%2Fmedia&parent=130853"}],"wp:term":[{"taxonomy":"category","embeddable":true,"href":"https:\/\/diarioregionaldigital.com.br\/index.php?rest_route=%2Fwp%2Fv2%2Fcategories&post=130853"},{"taxonomy":"post_tag","embeddable":true,"href":"https:\/\/diarioregionaldigital.com.br\/index.php?rest_route=%2Fwp%2Fv2%2Ftags&post=130853"}],"curies":[{"name":"wp","href":"https:\/\/api.w.org\/{rel}","templated":true}]}}