{"id":130850,"date":"2019-01-14T12:14:02","date_gmt":"2019-01-14T14:14:02","guid":{"rendered":"https:\/\/diarioregionaldigital.com.br\/?p=130850"},"modified":"2019-01-14T12:14:02","modified_gmt":"2019-01-14T14:14:02","slug":"morre-sargento-que-estava-no-helicoptero-da-pm-que-caiu-no-rio","status":"publish","type":"post","link":"https:\/\/diarioregionaldigital.com.br\/?p=130850","title":{"rendered":"Morre sargento que estava no helic\u00f3ptero da PM que caiu no Rio"},"content":{"rendered":"<p>O sargento Felipe Marques de Queiroz, de 37 anos, uma das v\u00edtimas da\u00a0<a href=\"http:\/\/agenciabrasil.ebc.com.br\/geral\/noticia\/2019-01\/helicoptero-patrulhava-linha-vermelha-quando-sofreu-acidente-diz-pm\" target=\"_blank\" rel=\"noopener\">queda do helic\u00f3ptero da Pol\u00edcia Militar (PM)<\/a>, no Rio de Janeiro, morreu na manh\u00e3 desta segunda-feira, 14, Ele era um dos quatro tripulantes que estavam na aeronave do Grupamento Aerom\u00f3vel (GAM) da PM durante o acidente.<\/p>\n<p>Outros tr\u00eas policiais foram socorridos e levados ao Hospital Central da PM, mas est\u00e3o fora de perigo, de acordo com informa\u00e7\u00f5es de policiais.<\/p>\n<p>A aeronave F\u00eanix 08 do GAM, um helic\u00f3ptero do modelo esquilo, patrulhava a Linha Vermelha, principal via de liga\u00e7\u00e3o entre a Baixada Fluminense e o centro do Rio, quando teve que, segundo a PM, \u201cfazer um pouso for\u00e7ado na \u00e1gua\u201d, nas proximidades das ilhas do Governador e do Fund\u00e3o, na manh\u00e3 de hoje.<\/p>\n<p>O helic\u00f3ptero, segundo a PM, estava com manuten\u00e7\u00e3o regularizada. O acidente ser\u00e1 investigado pela Aeron\u00e1utica e pelo Centro de Criminal\u00edstica da PM.<\/p>\n<p><em>Fonte: Ag\u00eancia Brasil<\/em><\/p>\n","protected":false},"excerpt":{"rendered":"<p>O sargento Felipe Marques de Queiroz, de 37 anos, uma das v\u00edtimas da\u00a0queda do helic\u00f3ptero da Pol\u00edcia Militar (PM), no Rio de Janeiro, morreu na manh\u00e3 desta segunda-feira, 14, Ele era um dos quatro tripulantes que estavam na aeronave do Grupamento Aerom\u00f3vel (GAM) da PM durante o acidente. Outros tr\u00eas policiais foram socorridos e levados [&hellip;]<\/p>\n","protected":false},"author":96,"featured_media":97709,"comment_status":"closed","ping_status":"closed","sticky":false,"template":"","format":"standard","meta":{"footnotes":""},"categories":[302,439],"tags":[],"class_list":["post-130850","post","type-post","status-publish","format-standard","has-post-thumbnail","hentry","category-brasil-mundo","category-ultima-hora"],"_links":{"self":[{"href":"https:\/\/diarioregionaldigital.com.br\/index.php?rest_route=\/wp\/v2\/posts\/130850","targetHints":{"allow":["GET"]}}],"collection":[{"href":"https:\/\/diarioregionaldigital.com.br\/index.php?rest_route=\/wp\/v2\/posts"}],"about":[{"href":"https:\/\/diarioregionaldigital.com.br\/index.php?rest_route=\/wp\/v2\/types\/post"}],"author":[{"embeddable":true,"href":"https:\/\/diarioregionaldigital.com.br\/index.php?rest_route=\/wp\/v2\/users\/96"}],"replies":[{"embeddable":true,"href":"https:\/\/diarioregionaldigital.com.br\/index.php?rest_route=%2Fwp%2Fv2%2Fcomments&post=130850"}],"version-history":[{"count":0,"href":"https:\/\/diarioregionaldigital.com.br\/index.php?rest_route=\/wp\/v2\/posts\/130850\/revisions"}],"wp:featuredmedia":[{"embeddable":true,"href":"https:\/\/diarioregionaldigital.com.br\/index.php?rest_route=\/wp\/v2\/media\/97709"}],"wp:attachment":[{"href":"https:\/\/diarioregionaldigital.com.br\/index.php?rest_route=%2Fwp%2Fv2%2Fmedia&parent=130850"}],"wp:term":[{"taxonomy":"category","embeddable":true,"href":"https:\/\/diarioregionaldigital.com.br\/index.php?rest_route=%2Fwp%2Fv2%2Fcategories&post=130850"},{"taxonomy":"post_tag","embeddable":true,"href":"https:\/\/diarioregionaldigital.com.br\/index.php?rest_route=%2Fwp%2Fv2%2Ftags&post=130850"}],"curies":[{"name":"wp","href":"https:\/\/api.w.org\/{rel}","templated":true}]}}