{"id":130841,"date":"2019-01-14T11:59:05","date_gmt":"2019-01-14T13:59:05","guid":{"rendered":"https:\/\/diarioregionaldigital.com.br\/?p=130841"},"modified":"2019-01-14T11:59:05","modified_gmt":"2019-01-14T13:59:05","slug":"tupynambas-empata-amistoso-contra-volta-redonda-em-vassouras","status":"publish","type":"post","link":"https:\/\/diarioregionaldigital.com.br\/?p=130841","title":{"rendered":"Tupynamb\u00e1s empata amistoso contra Volta Redonda em Vassouras"},"content":{"rendered":"<p>O Volta Redonda empatou com o Tupynamb\u00e1s-MG em 1 a 1, no s\u00e9timo e \u00faltimo jogo-treino que a equipe fez durante a prepara\u00e7\u00e3o para o Campeonato Carioca. O duelo aconteceu na manh\u00e3 deste s\u00e1bado, em um hotel-fazenda de Vassouras, onde a equipe passou a semana treinando. O gol do Tricolor de A\u00e7o foi marcado por Jo\u00e3o Carlos. Leandro Salino fez para o time mineiro.<\/p>\n<p>Este foi o \u00faltimo jogo-treino do Le\u00e3o do Po\u00e7o Rico antes de estrear oficialmente na temporada 2019. No pr\u00f3ximo domingo, 20, \u00a0o Tupynamb\u00e1s d\u00e1 o pontap\u00e9 de largada no Campeonato Mineiro em duelo novamente fora de casa. A equipe encara o Villa Nova no Est\u00e1dio Municipal Castor Cifuentes, em Nova Lima (MG), \u00e0s 11h.<\/p>\n<p>&nbsp;<\/p>\n","protected":false},"excerpt":{"rendered":"<p>O Volta Redonda empatou com o Tupynamb\u00e1s-MG em 1 a 1, no s\u00e9timo e \u00faltimo jogo-treino que a equipe fez durante a prepara\u00e7\u00e3o para o Campeonato Carioca. O duelo aconteceu na manh\u00e3 deste s\u00e1bado, em um hotel-fazenda de Vassouras, onde a equipe passou a semana treinando. O gol do Tricolor de A\u00e7o foi marcado por [&hellip;]<\/p>\n","protected":false},"author":96,"featured_media":130842,"comment_status":"closed","ping_status":"closed","sticky":false,"template":"","format":"standard","meta":{"footnotes":""},"categories":[257,439],"tags":[],"class_list":["post-130841","post","type-post","status-publish","format-standard","has-post-thumbnail","hentry","category-esporte","category-ultima-hora"],"_links":{"self":[{"href":"https:\/\/diarioregionaldigital.com.br\/index.php?rest_route=\/wp\/v2\/posts\/130841","targetHints":{"allow":["GET"]}}],"collection":[{"href":"https:\/\/diarioregionaldigital.com.br\/index.php?rest_route=\/wp\/v2\/posts"}],"about":[{"href":"https:\/\/diarioregionaldigital.com.br\/index.php?rest_route=\/wp\/v2\/types\/post"}],"author":[{"embeddable":true,"href":"https:\/\/diarioregionaldigital.com.br\/index.php?rest_route=\/wp\/v2\/users\/96"}],"replies":[{"embeddable":true,"href":"https:\/\/diarioregionaldigital.com.br\/index.php?rest_route=%2Fwp%2Fv2%2Fcomments&post=130841"}],"version-history":[{"count":0,"href":"https:\/\/diarioregionaldigital.com.br\/index.php?rest_route=\/wp\/v2\/posts\/130841\/revisions"}],"wp:featuredmedia":[{"embeddable":true,"href":"https:\/\/diarioregionaldigital.com.br\/index.php?rest_route=\/wp\/v2\/media\/130842"}],"wp:attachment":[{"href":"https:\/\/diarioregionaldigital.com.br\/index.php?rest_route=%2Fwp%2Fv2%2Fmedia&parent=130841"}],"wp:term":[{"taxonomy":"category","embeddable":true,"href":"https:\/\/diarioregionaldigital.com.br\/index.php?rest_route=%2Fwp%2Fv2%2Fcategories&post=130841"},{"taxonomy":"post_tag","embeddable":true,"href":"https:\/\/diarioregionaldigital.com.br\/index.php?rest_route=%2Fwp%2Fv2%2Ftags&post=130841"}],"curies":[{"name":"wp","href":"https:\/\/api.w.org\/{rel}","templated":true}]}}