{"id":130838,"date":"2019-01-14T11:57:13","date_gmt":"2019-01-14T13:57:13","guid":{"rendered":"https:\/\/diarioregionaldigital.com.br\/?p=130838"},"modified":"2019-01-14T11:57:13","modified_gmt":"2019-01-14T13:57:13","slug":"tupi-empata-em-ultimo-amistoso-antes-da-estreia-do-mineiro","status":"publish","type":"post","link":"https:\/\/diarioregionaldigital.com.br\/?p=130838","title":{"rendered":"Tupi empata em \u00faltimo amistoso antes da estreia do Mineiro"},"content":{"rendered":"<p>O Tupi empatou em 2 a 2 no \u00faltimo jogo amistoso antes da estreia do Campeonato Mineiro, no pr\u00f3ximo domingo, 20. Contra o Nacional, de Muria\u00e9, o Galo Carij\u00f3 come\u00e7ou atr\u00e1s no placar, mas virou a partida ainda no primeiro tempo, que terminou em 2 a 1.<\/p>\n<p>O Tupi estreia no Campeonato Mineiro contra o Tombense em Juiz de Fora. A partida acontece no Est\u00e1dio Municipal Radialista Mario Hel\u00eanio, domingo, \u00e0s 11h.<\/p>\n","protected":false},"excerpt":{"rendered":"<p>O Tupi empatou em 2 a 2 no \u00faltimo jogo amistoso antes da estreia do Campeonato Mineiro, no pr\u00f3ximo domingo, 20. Contra o Nacional, de Muria\u00e9, o Galo Carij\u00f3 come\u00e7ou atr\u00e1s no placar, mas virou a partida ainda no primeiro tempo, que terminou em 2 a 1. O Tupi estreia no Campeonato Mineiro contra o [&hellip;]<\/p>\n","protected":false},"author":96,"featured_media":130839,"comment_status":"closed","ping_status":"closed","sticky":false,"template":"","format":"standard","meta":{"footnotes":""},"categories":[257,439],"tags":[],"class_list":["post-130838","post","type-post","status-publish","format-standard","has-post-thumbnail","hentry","category-esporte","category-ultima-hora"],"_links":{"self":[{"href":"https:\/\/diarioregionaldigital.com.br\/index.php?rest_route=\/wp\/v2\/posts\/130838","targetHints":{"allow":["GET"]}}],"collection":[{"href":"https:\/\/diarioregionaldigital.com.br\/index.php?rest_route=\/wp\/v2\/posts"}],"about":[{"href":"https:\/\/diarioregionaldigital.com.br\/index.php?rest_route=\/wp\/v2\/types\/post"}],"author":[{"embeddable":true,"href":"https:\/\/diarioregionaldigital.com.br\/index.php?rest_route=\/wp\/v2\/users\/96"}],"replies":[{"embeddable":true,"href":"https:\/\/diarioregionaldigital.com.br\/index.php?rest_route=%2Fwp%2Fv2%2Fcomments&post=130838"}],"version-history":[{"count":0,"href":"https:\/\/diarioregionaldigital.com.br\/index.php?rest_route=\/wp\/v2\/posts\/130838\/revisions"}],"wp:featuredmedia":[{"embeddable":true,"href":"https:\/\/diarioregionaldigital.com.br\/index.php?rest_route=\/wp\/v2\/media\/130839"}],"wp:attachment":[{"href":"https:\/\/diarioregionaldigital.com.br\/index.php?rest_route=%2Fwp%2Fv2%2Fmedia&parent=130838"}],"wp:term":[{"taxonomy":"category","embeddable":true,"href":"https:\/\/diarioregionaldigital.com.br\/index.php?rest_route=%2Fwp%2Fv2%2Fcategories&post=130838"},{"taxonomy":"post_tag","embeddable":true,"href":"https:\/\/diarioregionaldigital.com.br\/index.php?rest_route=%2Fwp%2Fv2%2Ftags&post=130838"}],"curies":[{"name":"wp","href":"https:\/\/api.w.org\/{rel}","templated":true}]}}