{"id":130825,"date":"2019-01-14T10:10:14","date_gmt":"2019-01-14T12:10:14","guid":{"rendered":"https:\/\/diarioregionaldigital.com.br\/?p=130825"},"modified":"2019-01-14T18:25:43","modified_gmt":"2019-01-14T20:25:43","slug":"procon-divulga-pesquisa-sobre-material-escolar","status":"publish","type":"post","link":"https:\/\/diarioregionaldigital.com.br\/?p=130825","title":{"rendered":"Material Escolar chega a variar 200% em Juiz de Fora"},"content":{"rendered":"<p>Nesta segunda-feira, 14, a Ag\u00eancia de Prote\u00e7\u00e3o e Defesa do Consumidor (Procon\/JF) da Prefeitura de Juiz de Fora (PJF) divulgou uma pesquisa de pre\u00e7os realizada em quatro papelarias da cidade. O objetivo \u00e9 auxiliar os pai que far\u00e3o compras do material escolar dos filhos.<\/p>\n<p>A pesquisa foi realizada entre os dias 2 e 9, atrav\u00e9s de uma tabela preenchida pelas lojas, com o valor dos produtos listados pelo \u00f3rg\u00e3o. Ao todo, foram pesquisados e comparados 125 produtos.<\/p>\n<p>O item com maior diferen\u00e7a de pre\u00e7o foi tesoura escolar sem ponta (cabo pl\u00e1stico) redonda \u201cDisney Tris\u201d, que custa entre R$3,90 a R$11,90, varia\u00e7\u00e3o de 205,13%.<\/p>\n<p>J\u00e1 o caderno universit\u00e1rio, capa dura, espiral, 96 folhas, uma mat\u00e9ria, \u201cVer\u00e3o Tilibra\u201d, teve a menor varia\u00e7\u00e3o de pre\u00e7o: 0,56%. A caneta esferogr\u00e1fica ponta m\u00e9dia trilux da \u201cFaber Castell\u201d n\u00e3o apresentou varia\u00e7\u00e3o.<\/p>\n","protected":false},"excerpt":{"rendered":"<p>Nesta segunda-feira, 14, a Ag\u00eancia de Prote\u00e7\u00e3o e Defesa do Consumidor (Procon\/JF) da Prefeitura de Juiz de Fora (PJF) divulgou uma pesquisa de pre\u00e7os realizada em quatro papelarias da cidade. O objetivo \u00e9 auxiliar os pai que far\u00e3o compras do material escolar dos filhos. A pesquisa foi realizada entre os dias 2 e 9, atrav\u00e9s [&hellip;]<\/p>\n","protected":false},"author":96,"featured_media":130891,"comment_status":"closed","ping_status":"closed","sticky":false,"template":"","format":"standard","meta":{"footnotes":""},"categories":[253,436,440,439],"tags":[],"class_list":["post-130825","post","type-post","status-publish","format-standard","has-post-thumbnail","hentry","category-cidade","category-destaque-da-semana","category-destaques-do-dia","category-ultima-hora"],"_links":{"self":[{"href":"https:\/\/diarioregionaldigital.com.br\/index.php?rest_route=\/wp\/v2\/posts\/130825","targetHints":{"allow":["GET"]}}],"collection":[{"href":"https:\/\/diarioregionaldigital.com.br\/index.php?rest_route=\/wp\/v2\/posts"}],"about":[{"href":"https:\/\/diarioregionaldigital.com.br\/index.php?rest_route=\/wp\/v2\/types\/post"}],"author":[{"embeddable":true,"href":"https:\/\/diarioregionaldigital.com.br\/index.php?rest_route=\/wp\/v2\/users\/96"}],"replies":[{"embeddable":true,"href":"https:\/\/diarioregionaldigital.com.br\/index.php?rest_route=%2Fwp%2Fv2%2Fcomments&post=130825"}],"version-history":[{"count":0,"href":"https:\/\/diarioregionaldigital.com.br\/index.php?rest_route=\/wp\/v2\/posts\/130825\/revisions"}],"wp:featuredmedia":[{"embeddable":true,"href":"https:\/\/diarioregionaldigital.com.br\/index.php?rest_route=\/wp\/v2\/media\/130891"}],"wp:attachment":[{"href":"https:\/\/diarioregionaldigital.com.br\/index.php?rest_route=%2Fwp%2Fv2%2Fmedia&parent=130825"}],"wp:term":[{"taxonomy":"category","embeddable":true,"href":"https:\/\/diarioregionaldigital.com.br\/index.php?rest_route=%2Fwp%2Fv2%2Fcategories&post=130825"},{"taxonomy":"post_tag","embeddable":true,"href":"https:\/\/diarioregionaldigital.com.br\/index.php?rest_route=%2Fwp%2Fv2%2Ftags&post=130825"}],"curies":[{"name":"wp","href":"https:\/\/api.w.org\/{rel}","templated":true}]}}