{"id":130807,"date":"2019-01-13T02:07:21","date_gmt":"2019-01-13T04:07:21","guid":{"rendered":"https:\/\/diarioregionaldigital.com.br\/?p=130807"},"modified":"2019-01-13T02:07:21","modified_gmt":"2019-01-13T04:07:21","slug":"in-moda-o-que-teve-no-globo-de-ouro-2019","status":"publish","type":"post","link":"https:\/\/diarioregionaldigital.com.br\/?p=130807","title":{"rendered":"In Moda &#8211; O que teve no Globo de Ouro 2019!"},"content":{"rendered":"<p><span style=\"font-size: 14pt\"><strong>GLOBO DE OURO 2019!<\/strong><\/span><\/p>\n<p><span style=\"font-size: 14pt\">A temporada de premia\u00e7\u00f5es com direito a tapete vermelho come\u00e7ou no \u00faltimo dia 06 com o Globo de Ouro. E n\u00e3o existe momento melhor pra tomar nota dos looks mais marcantes, pois com certeza eles ditam as tend\u00eancias do ano para a moda festa!<\/span><\/p>\n<p>&nbsp;<\/p>\n<p><span style=\"font-size: 14pt\"><strong>Anne Hathaway \u2013 Animal Print<\/strong><\/span><\/p>\n<p><span style=\"font-size: 14pt\">Anne Hathaway n\u00e3o decepciona e dessa vez n\u00e3o foi diferente. Vestindo um modelo de Elie Saab ela conseguiu manter sua eleg\u00e2ncia habitual mesmo com o animal print mais ousado, a oncinha, combinado a um mix de cores e texturas, decote e fenda!<\/span><\/p>\n<p>&nbsp;<\/p>\n<p><img loading=\"lazy\" decoding=\"async\" class=\"alignnone size-medium wp-image-130808 aligncenter\" src=\"https:\/\/diarioregionaldigital.com.br\/wp-content\/uploads\/2019\/01\/ANNE-HATHAWAY-ANIMAL-PRINT-206x300.jpg\" alt=\"\" width=\"206\" height=\"300\" srcset=\"https:\/\/diarioregionaldigital.com.br\/wp-content\/uploads\/2019\/01\/ANNE-HATHAWAY-ANIMAL-PRINT-206x300.jpg 206w, https:\/\/diarioregionaldigital.com.br\/wp-content\/uploads\/2019\/01\/ANNE-HATHAWAY-ANIMAL-PRINT-360x524.jpg 360w, https:\/\/diarioregionaldigital.com.br\/wp-content\/uploads\/2019\/01\/ANNE-HATHAWAY-ANIMAL-PRINT.jpg 600w\" sizes=\"auto, (max-width: 206px) 100vw, 206px\" \/><\/p>\n<p>&nbsp;<\/p>\n<p><span style=\"font-size: 14pt\"><strong>Emily Blunt \u2013 Croch\u00ea<\/strong><\/span><\/p>\n<p><span style=\"font-size: 14pt\">\u00c9 isso mesmo, um dos estilistas mais cobi\u00e7ados das premia\u00e7\u00f5es, Alexander McQueen, criou um vestido de festa em croch\u00ea, e deixou Emily Blunt como uma das mais bem vestidas da noite com uma produ\u00e7\u00e3o super moderna.<\/span><\/p>\n<p style=\"text-align: center\"><img loading=\"lazy\" decoding=\"async\" class=\"alignnone size-medium wp-image-130811\" src=\"https:\/\/diarioregionaldigital.com.br\/wp-content\/uploads\/2019\/01\/EMILY-BLUNT-CROCHE-206x300.jpg\" alt=\"\" width=\"206\" height=\"300\" srcset=\"https:\/\/diarioregionaldigital.com.br\/wp-content\/uploads\/2019\/01\/EMILY-BLUNT-CROCHE-206x300.jpg 206w, https:\/\/diarioregionaldigital.com.br\/wp-content\/uploads\/2019\/01\/EMILY-BLUNT-CROCHE-360x524.jpg 360w, https:\/\/diarioregionaldigital.com.br\/wp-content\/uploads\/2019\/01\/EMILY-BLUNT-CROCHE.jpg 600w\" sizes=\"auto, (max-width: 206px) 100vw, 206px\" \/><\/p>\n<p><span style=\"font-size: 14pt\"><strong>Heidi Klum \u2013 Pretinho nada b\u00e1sico<\/strong><\/span><\/p>\n<p><span style=\"font-size: 14pt\">N\u00e3o importa quantas premia\u00e7\u00f5es se passem, ele sempre est\u00e1 l\u00e1: o vestido preto! Mas Heidi Klum deu um novo significado a esse cl\u00e1ssico com seu Yves Saint-Laurent. O modelo j\u00e1 nos remete a uma princesa, e ele ficou ainda mais feminino com as aplica\u00e7\u00f5es de flores coloridas.<\/span><\/p>\n<p style=\"text-align: center\"><img loading=\"lazy\" decoding=\"async\" class=\"alignnone size-medium wp-image-130812\" src=\"https:\/\/diarioregionaldigital.com.br\/wp-content\/uploads\/2019\/01\/HEIDI-KLUM-O-PRETINHO-NADA-B\u00c1SICO-193x300.jpg\" alt=\"\" width=\"193\" height=\"300\" srcset=\"https:\/\/diarioregionaldigital.com.br\/wp-content\/uploads\/2019\/01\/HEIDI-KLUM-O-PRETINHO-NADA-B\u00c1SICO-193x300.jpg 193w, https:\/\/diarioregionaldigital.com.br\/wp-content\/uploads\/2019\/01\/HEIDI-KLUM-O-PRETINHO-NADA-B\u00c1SICO-360x560.jpg 360w, https:\/\/diarioregionaldigital.com.br\/wp-content\/uploads\/2019\/01\/HEIDI-KLUM-O-PRETINHO-NADA-B\u00c1SICO.jpg 600w\" sizes=\"auto, (max-width: 193px) 100vw, 193px\" \/><\/p>\n<p><span style=\"font-size: 14pt\"><strong>Lady Gaga \u2013 Monocrom\u00e1tico<\/strong><\/span><\/p>\n<p><span style=\"font-size: 14pt\">Se tem algu\u00e9m que adotou o monocrom\u00e1tico no Globo de Ouro foi a Lady Gaga. O vestido em um tom pastel assinado por Valentino combinou at\u00e9 mesmo com os cabelos azuis da estrela, que n\u00e3o podia passar despercebida, claro.<\/span><\/p>\n<p style=\"text-align: center\"><img loading=\"lazy\" decoding=\"async\" class=\"alignnone size-medium wp-image-130815\" src=\"https:\/\/diarioregionaldigital.com.br\/wp-content\/uploads\/2019\/01\/LADY-GAGA-MONOCROMATICO-198x300.jpg\" alt=\"\" width=\"198\" height=\"300\" srcset=\"https:\/\/diarioregionaldigital.com.br\/wp-content\/uploads\/2019\/01\/LADY-GAGA-MONOCROMATICO-198x300.jpg 198w, https:\/\/diarioregionaldigital.com.br\/wp-content\/uploads\/2019\/01\/LADY-GAGA-MONOCROMATICO-360x545.jpg 360w, https:\/\/diarioregionaldigital.com.br\/wp-content\/uploads\/2019\/01\/LADY-GAGA-MONOCROMATICO.jpg 600w\" sizes=\"auto, (max-width: 198px) 100vw, 198px\" \/><\/p>\n<p><span style=\"font-size: 14pt\"><strong>Taylor Swift \u2013 Ombro a Ombro<\/strong><\/span><\/p>\n<p><span style=\"font-size: 14pt\">O modelo ombro a ombro \u00e9 sempre um hit no ver\u00e3o brasileiro, mas\u00a0 se depender de Taylor Swift e Versace ele vai tomar conta das festa de gala! Taylor usou um modelo preto super sensual, mas na medida certa!<\/span><\/p>\n<p style=\"text-align: center\"><img loading=\"lazy\" decoding=\"async\" class=\"alignnone size-medium wp-image-130816\" src=\"https:\/\/diarioregionaldigital.com.br\/wp-content\/uploads\/2019\/01\/TAYLOR-SWIFT-OMBRO-A-OMBRO-217x300.jpg\" alt=\"\" width=\"217\" height=\"300\" srcset=\"https:\/\/diarioregionaldigital.com.br\/wp-content\/uploads\/2019\/01\/TAYLOR-SWIFT-OMBRO-A-OMBRO-217x300.jpg 217w, https:\/\/diarioregionaldigital.com.br\/wp-content\/uploads\/2019\/01\/TAYLOR-SWIFT-OMBRO-A-OMBRO-768x1061.jpg 768w, https:\/\/diarioregionaldigital.com.br\/wp-content\/uploads\/2019\/01\/TAYLOR-SWIFT-OMBRO-A-OMBRO-741x1024.jpg 741w, https:\/\/diarioregionaldigital.com.br\/wp-content\/uploads\/2019\/01\/TAYLOR-SWIFT-OMBRO-A-OMBRO-360x500.jpg 360w, https:\/\/diarioregionaldigital.com.br\/wp-content\/uploads\/2019\/01\/TAYLOR-SWIFT-OMBRO-A-OMBRO.jpg 950w\" sizes=\"auto, (max-width: 217px) 100vw, 217px\" \/><\/p>\n<p><span style=\"font-size: 14pt\"><strong>Julia Roberts \u2013 Al\u00e9m dos vestidos<\/strong><\/span><\/p>\n<p><span style=\"font-size: 14pt\">Julia Roberts foi uma das celebridades que mais chamaram aten\u00e7\u00e3o! Com um look poderoso de Stella McCartney, ela foi muito al\u00e9m de cores marcantes, decotes profundos e saias volumosas, muito pelo contr\u00e1rio, trocou tudo isso por um combo nude + preto e cal\u00e7as, provando que eleg\u00e2ncia vai muito al\u00e9m das roupas.<\/span><\/p>\n<p style=\"text-align: center\"><img loading=\"lazy\" decoding=\"async\" class=\"alignnone size-medium wp-image-130814\" src=\"https:\/\/diarioregionaldigital.com.br\/wp-content\/uploads\/2019\/01\/JULIA-ROBERTS-AL\u00c9M-DOS-VESTIDOS-186x300.jpg\" alt=\"\" width=\"186\" height=\"300\" srcset=\"https:\/\/diarioregionaldigital.com.br\/wp-content\/uploads\/2019\/01\/JULIA-ROBERTS-AL\u00c9M-DOS-VESTIDOS-186x300.jpg 186w, https:\/\/diarioregionaldigital.com.br\/wp-content\/uploads\/2019\/01\/JULIA-ROBERTS-AL\u00c9M-DOS-VESTIDOS.jpg 634w, https:\/\/diarioregionaldigital.com.br\/wp-content\/uploads\/2019\/01\/JULIA-ROBERTS-AL\u00c9M-DOS-VESTIDOS-360x581.jpg 360w\" sizes=\"auto, (max-width: 186px) 100vw, 186px\" \/><\/p>\n<p><span style=\"font-size: 14pt\"><strong>CLICK IN MODA<\/strong><\/span><\/p>\n<p><span style=\"font-size: 14pt\">O click dessa semana \u00e9 mais uma inspira\u00e7\u00e3o para as fotos das f\u00e9rias! A linda Aninha Calixto no melhor cen\u00e1rio do ver\u00e3o!<\/span><\/p>\n<p style=\"text-align: center\"><span style=\"font-size: 14pt\"><strong>\u00a0<img loading=\"lazy\" decoding=\"async\" class=\"alignnone size-medium wp-image-130809\" src=\"https:\/\/diarioregionaldigital.com.br\/wp-content\/uploads\/2019\/01\/CLICK-IN-MODA-261x300.png\" alt=\"\" width=\"261\" height=\"300\" srcset=\"https:\/\/diarioregionaldigital.com.br\/wp-content\/uploads\/2019\/01\/CLICK-IN-MODA-261x300.png 261w, https:\/\/diarioregionaldigital.com.br\/wp-content\/uploads\/2019\/01\/CLICK-IN-MODA.png 523w, https:\/\/diarioregionaldigital.com.br\/wp-content\/uploads\/2019\/01\/CLICK-IN-MODA-360x414.png 360w\" sizes=\"auto, (max-width: 261px) 100vw, 261px\" \/><\/strong><\/span><\/p>\n<p><span style=\"font-size: 14pt\"><strong>BELEZA<\/strong><\/span><\/p>\n<p><span style=\"font-size: 14pt\"><strong>Como conseguir as unhas perfeitas?<\/strong><\/span><\/p>\n<p><span style=\"font-size: 14pt\">Um dos maiores desejos fashion \u00e9 ter as unhas perfeitas! Para algumas pessoas parece imposs\u00edvel alcan\u00e7ar esse objetivo sem procedimentos est\u00e9ticos, mas algumas dicas simples podem te ajudar nisso.<\/span><\/p>\n<p style=\"text-align: center\"><img loading=\"lazy\" decoding=\"async\" class=\"alignnone size-medium wp-image-130810\" src=\"https:\/\/diarioregionaldigital.com.br\/wp-content\/uploads\/2019\/01\/COMO-CONSEGUIR-AS-UNHAS-PERFEITAS-300x228.jpg\" alt=\"\" width=\"300\" height=\"228\" srcset=\"https:\/\/diarioregionaldigital.com.br\/wp-content\/uploads\/2019\/01\/COMO-CONSEGUIR-AS-UNHAS-PERFEITAS-300x228.jpg 300w, https:\/\/diarioregionaldigital.com.br\/wp-content\/uploads\/2019\/01\/COMO-CONSEGUIR-AS-UNHAS-PERFEITAS-768x583.jpg 768w, https:\/\/diarioregionaldigital.com.br\/wp-content\/uploads\/2019\/01\/COMO-CONSEGUIR-AS-UNHAS-PERFEITAS-1024x777.jpg 1024w, https:\/\/diarioregionaldigital.com.br\/wp-content\/uploads\/2019\/01\/COMO-CONSEGUIR-AS-UNHAS-PERFEITAS-360x273.jpg 360w, https:\/\/diarioregionaldigital.com.br\/wp-content\/uploads\/2019\/01\/COMO-CONSEGUIR-AS-UNHAS-PERFEITAS.jpg 1080w\" sizes=\"auto, (max-width: 300px) 100vw, 300px\" \/><\/p>\n<p><span style=\"font-size: 14pt\">Proteja as unhas<\/span><\/p>\n<p><span style=\"font-size: 14pt\">Proteger as unhas \u00e9 fundamental para o crescimento saud\u00e1vel. E essa prote\u00e7\u00e3o vai al\u00e9m de usar luvas na hora de lavar a lou\u00e7a por exemplo, como as bases e esmaltes com prote\u00e7\u00e3o UV. Principalmente no ver\u00e3o, as unhas ficam expostas aos raios solares, sal do mar e cloro da piscina, e sem o devido cuidado e prote\u00e7\u00e3o podem ficar ainda mais quebradi\u00e7as.<\/span><\/p>\n<p>&nbsp;<\/p>\n<p><span style=\"font-size: 14pt\">Hidrate as cut\u00edculas<\/span><\/p>\n<p><span style=\"font-size: 14pt\">A nossa primeira rea\u00e7\u00e3o \u00e9 querer tirar 100% das nossas cut\u00edculas, mas devemos lembrar que elas est\u00e3o l\u00e1 por um motivo: proteger a base das unhas de fungos e bact\u00e9rias, mantendo assim o crescimento e formato das unhas! Ent\u00e3o anote a\u00ed: cut\u00edculas hidratadas s\u00e3o important\u00edssimas na sa\u00fade das unhas. E essa hidrata\u00e7\u00e3o come\u00e7a de dentro para fora, tome muita \u00e1gua e complemente esse h\u00e1bito com ceras e cremes hidratantes.<\/span><\/p>\n<p>&nbsp;<\/p>\n<p><span style=\"font-size: 14pt\">Alimenta\u00e7\u00e3o<\/span><\/p>\n<p><span style=\"font-size: 14pt\">Como j\u00e1 falamos por aqui, o cuidado externo \u00e9 um complemento, porque as melhores receitas de beleza come\u00e7am na nossa alimenta\u00e7\u00e3o. Por mais que existam v\u00e1rios produtos incr\u00edveis, nenhum deles traz um resultado t\u00e3o eficiente quanto uma boa nutri\u00e7\u00e3o. As unhas, assim como pele e cabelos, precisam diretamente\u00a0 desses nutrientes e ficam com aspecto muito mais saud\u00e1vel.<\/span><\/p>\n<p style=\"text-align: center\"><img loading=\"lazy\" decoding=\"async\" class=\"alignnone size-medium wp-image-130813\" src=\"https:\/\/diarioregionaldigital.com.br\/wp-content\/uploads\/2019\/01\/HIDRATE-AS-CUTICULAS-245x300.jpg\" alt=\"\" width=\"245\" height=\"300\" srcset=\"https:\/\/diarioregionaldigital.com.br\/wp-content\/uploads\/2019\/01\/HIDRATE-AS-CUTICULAS-245x300.jpg 245w, https:\/\/diarioregionaldigital.com.br\/wp-content\/uploads\/2019\/01\/HIDRATE-AS-CUTICULAS-360x440.jpg 360w, https:\/\/diarioregionaldigital.com.br\/wp-content\/uploads\/2019\/01\/HIDRATE-AS-CUTICULAS.jpg 400w\" sizes=\"auto, (max-width: 245px) 100vw, 245px\" \/><\/p>\n<p style=\"text-align: right\"><strong>Colaboradoras:<\/strong><\/p>\n<p style=\"text-align: right\">Deusiane Ladeira<\/p>\n<p style=\"text-align: right\">Izabella Assis<\/p>\n<p style=\"text-align: right\">Mariana Matos<\/p>\n","protected":false},"excerpt":{"rendered":"<p>GLOBO DE OURO 2019! A temporada de premia\u00e7\u00f5es com direito a tapete vermelho come\u00e7ou no \u00faltimo dia 06 com o Globo de Ouro. E n\u00e3o existe momento melhor pra tomar nota dos looks mais marcantes, pois com certeza eles ditam as tend\u00eancias do ano para a moda festa! &nbsp; Anne Hathaway \u2013 Animal Print Anne [&hellip;]<\/p>\n","protected":false},"author":96,"featured_media":0,"comment_status":"closed","ping_status":"closed","sticky":false,"template":"","format":"standard","meta":{"footnotes":""},"categories":[285],"tags":[],"class_list":["post-130807","post","type-post","status-publish","format-standard","hentry","category-moda-ana-paula-calixto"],"_links":{"self":[{"href":"https:\/\/diarioregionaldigital.com.br\/index.php?rest_route=\/wp\/v2\/posts\/130807","targetHints":{"allow":["GET"]}}],"collection":[{"href":"https:\/\/diarioregionaldigital.com.br\/index.php?rest_route=\/wp\/v2\/posts"}],"about":[{"href":"https:\/\/diarioregionaldigital.com.br\/index.php?rest_route=\/wp\/v2\/types\/post"}],"author":[{"embeddable":true,"href":"https:\/\/diarioregionaldigital.com.br\/index.php?rest_route=\/wp\/v2\/users\/96"}],"replies":[{"embeddable":true,"href":"https:\/\/diarioregionaldigital.com.br\/index.php?rest_route=%2Fwp%2Fv2%2Fcomments&post=130807"}],"version-history":[{"count":0,"href":"https:\/\/diarioregionaldigital.com.br\/index.php?rest_route=\/wp\/v2\/posts\/130807\/revisions"}],"wp:attachment":[{"href":"https:\/\/diarioregionaldigital.com.br\/index.php?rest_route=%2Fwp%2Fv2%2Fmedia&parent=130807"}],"wp:term":[{"taxonomy":"category","embeddable":true,"href":"https:\/\/diarioregionaldigital.com.br\/index.php?rest_route=%2Fwp%2Fv2%2Fcategories&post=130807"},{"taxonomy":"post_tag","embeddable":true,"href":"https:\/\/diarioregionaldigital.com.br\/index.php?rest_route=%2Fwp%2Fv2%2Ftags&post=130807"}],"curies":[{"name":"wp","href":"https:\/\/api.w.org\/{rel}","templated":true}]}}