{"id":130803,"date":"2019-01-12T14:37:39","date_gmt":"2019-01-12T16:37:39","guid":{"rendered":"https:\/\/diarioregionaldigital.com.br\/?p=130803"},"modified":"2019-01-12T14:37:39","modified_gmt":"2019-01-12T16:37:39","slug":"bolsonaro-defende-que-ataques-no-ce-sejam-considerados-terrorismo","status":"publish","type":"post","link":"https:\/\/diarioregionaldigital.com.br\/?p=130803","title":{"rendered":"Bolsonaro defende que ataques no CE sejam considerados terrorismo"},"content":{"rendered":"<p>O presidente Jair Bolsonaro defendeu neste s\u00e1bado, 12, que a\u00e7\u00f5es criminosas ocorridas no Cear\u00e1 sejam consideradas terrorismo.\u00a0A manifesta\u00e7\u00e3o do presidente em favor do\u00a0<a href=\"https:\/\/legis.senado.leg.br\/sdleg-getter\/documento?dm=568224&amp;ts=1545401521214&amp;disposition=inline\" target=\"_blank\" rel=\"noopener\">PLS 272\/2016<\/a>\u00a0foi feita por meio de sua conta pessoal no Twitter, \u00e0s 7h deste\u00a0<span id=\"OBJ_PREFIX_DWT171_com_zimbra_date\" role=\"link\"><span id=\"OBJ_PREFIX_DWT181_com_zimbra_date\" role=\"link\">s\u00e1bado, 12<\/span><\/span>, ao comentar situa\u00e7\u00e3o no Cear\u00e1.<\/p>\n<p>\u201cAo criminoso n\u00e3o interessa o partido desse ou daquele governador.\u00a0<span id=\"OBJ_PREFIX_DWT172_com_zimbra_date\" role=\"link\"><span id=\"OBJ_PREFIX_DWT182_com_zimbra_date\" role=\"link\">Hoje<\/span><\/span>\u00a0ele age no Cear\u00e1, amanh\u00e3 em S\u00e3o Paulo, Rio Grande do Sul ou Goi\u00e1s. Suas a\u00e7\u00f5es, como incendiar, explodir, &#8230; bens p\u00fablicos ou privados, devem ser tipificados como terrorismo\u201d, disse o presidente.<\/p>\n<p>Bolsonaro tamb\u00e9m chamou de &#8220;louv\u00e1vel&#8221; e defendeu\u00a0o projeto de lei, de autoria do senador Lasier Martins (PSD-RS), que endurece a Lei n\u00ba 13.260\u00a0que tipifica o conceito de terrorismo e regulamenta atua\u00e7\u00e3o de combate do Poder P\u00fablico. Conforme o projeto, em tramita\u00e7\u00e3o na Comiss\u00e3o de Constitui\u00e7\u00e3o, Justi\u00e7a e Cidadania (CCJ) do Senado, fica classificado como terrorismo \u201cincendiar, depredar, saquear, destruir ou explodir meios de transporte ou qualquer bem p\u00fablico ou privado, com o objetivo de for\u00e7ar a autoridade p\u00fablica a praticar ato, abster-se de o praticar ou a tolerar que se pratique, ou ainda intimidar certas pessoas, grupos de pessoas ou a popula\u00e7\u00e3o em geral.\u201d<\/p>\n<blockquote class=\"twitter-tweet\" data-width=\"550\" data-dnt=\"true\">\n<p lang=\"pt\" dir=\"ltr\">&#8211; Ao criminoso  n\u00e3o interessa o partido desse ou daquele governador. Hoje ele age no Cear\u00e1, amanh\u00e3 em SP, RS ou GO.<br \/>&#8211; Suas a\u00e7\u00f5es, como incendiar, explodir, &#8230; bens p\u00fablicos ou privados, devem ser tipificados como TERRORISMO.<br \/>&#8211; O PLS 272\/2016 do Sen Lasier Martins \u00e9 louv\u00e1vel.<\/p>\n<p>&mdash; Jair M. Bolsonaro (@jairbolsonaro) <a href=\"https:\/\/twitter.com\/jairbolsonaro\/status\/1083997855600267264?ref_src=twsrc%5Etfw\">January 12, 2019<\/a><\/p><\/blockquote>\n<p><script async src=\"https:\/\/platform.twitter.com\/widgets.js\" charset=\"utf-8\"><\/script><\/p>\n<p>O PLS 272\/2016 tamb\u00e9m criminaliza \u201cinterferir, sabotar ou danificar sistemas de inform\u00e1tica ou bancos de dados, com motiva\u00e7\u00e3o pol\u00edtica ou ideol\u00f3gica, com o fim de desorientar, desembara\u00e7ar, dificultar ou obstar seu funcionamento.\u201d<\/p>\n<p>Em outubro passado, o governo federal instituiu uma\u00a0for\u00e7a-tarefa\u00a0de Intelig\u00eancia para o enfrentamento ao crime organizado no Brasil.\u00a0O grupo, sob a coordena\u00e7\u00e3o do Gabinete de Seguran\u00e7a Institucional da Presid\u00eancia (GSI), tem como fun\u00e7\u00e3o \u201canalisar e compartilhar dados e de produzir relat\u00f3rios de intelig\u00eancia com vistas a subsidiar a elabora\u00e7\u00e3o de pol\u00edticas p\u00fablicas e a a\u00e7\u00e3o governamental no enfrentamento a organiza\u00e7\u00f5es criminosas que afrontam o Estado brasileiro e as suas institui\u00e7\u00f5es.\u201d<\/p>\n<h2>Cear\u00e1<\/h2>\n<p>A Pol\u00edcia Militar\u00a0do Cear\u00e1 registrou na madrugada de hoje dois novos ataques criminosos contra uma\u00a0torre de transmiss\u00e3o de energia\u00a0e uma concession\u00e1ria de ve\u00edculos. O estado entrou neste s\u00e1bado no 11\u00ba dia seguido de ataques atribu\u00eddos a fac\u00e7\u00f5es criminosas.<\/p>\n<p>De acordo com a PM, uma torre de transmiss\u00e3o teve a base explodida na cidade de Maracana\u00fa, regi\u00e3o metropolitana de Fortaleza, e caiu. Em fun\u00e7\u00e3o do ataque, moradores relataram queda de energia nas regi\u00f5es pr\u00f3ximas. Na capital cearense, por volta das 5h, uma explos\u00e3o atingiu o p\u00e1tio de uma concession\u00e1ria e danificou ve\u00edculos que estavam expostos para venda. Segundo a Secretaria de Seguran\u00e7a do Cear\u00e1, 319 pessoas foram presas at\u00e9 o momento. Todas elas autuadas em flagrante por participa\u00e7\u00e3o nos atos criminosos registrados no estado desde o dia 2 de janeiro.<\/p>\n<p>Fonte: Ag\u00eancia Brasil<\/p>\n","protected":false},"excerpt":{"rendered":"<p>O presidente Jair Bolsonaro defendeu neste s\u00e1bado, 12, que a\u00e7\u00f5es criminosas ocorridas no Cear\u00e1 sejam consideradas terrorismo.\u00a0A manifesta\u00e7\u00e3o do presidente em favor do\u00a0PLS 272\/2016\u00a0foi feita por meio de sua conta pessoal no Twitter, \u00e0s 7h deste\u00a0s\u00e1bado, 12, ao comentar situa\u00e7\u00e3o no Cear\u00e1. \u201cAo criminoso n\u00e3o interessa o partido desse ou daquele governador.\u00a0Hoje\u00a0ele age no Cear\u00e1, [&hellip;]<\/p>\n","protected":false},"author":96,"featured_media":130062,"comment_status":"closed","ping_status":"closed","sticky":false,"template":"","format":"standard","meta":{"footnotes":""},"categories":[436,254,439],"tags":[],"class_list":["post-130803","post","type-post","status-publish","format-standard","has-post-thumbnail","hentry","category-destaque-da-semana","category-politica","category-ultima-hora"],"_links":{"self":[{"href":"https:\/\/diarioregionaldigital.com.br\/index.php?rest_route=\/wp\/v2\/posts\/130803","targetHints":{"allow":["GET"]}}],"collection":[{"href":"https:\/\/diarioregionaldigital.com.br\/index.php?rest_route=\/wp\/v2\/posts"}],"about":[{"href":"https:\/\/diarioregionaldigital.com.br\/index.php?rest_route=\/wp\/v2\/types\/post"}],"author":[{"embeddable":true,"href":"https:\/\/diarioregionaldigital.com.br\/index.php?rest_route=\/wp\/v2\/users\/96"}],"replies":[{"embeddable":true,"href":"https:\/\/diarioregionaldigital.com.br\/index.php?rest_route=%2Fwp%2Fv2%2Fcomments&post=130803"}],"version-history":[{"count":0,"href":"https:\/\/diarioregionaldigital.com.br\/index.php?rest_route=\/wp\/v2\/posts\/130803\/revisions"}],"wp:featuredmedia":[{"embeddable":true,"href":"https:\/\/diarioregionaldigital.com.br\/index.php?rest_route=\/wp\/v2\/media\/130062"}],"wp:attachment":[{"href":"https:\/\/diarioregionaldigital.com.br\/index.php?rest_route=%2Fwp%2Fv2%2Fmedia&parent=130803"}],"wp:term":[{"taxonomy":"category","embeddable":true,"href":"https:\/\/diarioregionaldigital.com.br\/index.php?rest_route=%2Fwp%2Fv2%2Fcategories&post=130803"},{"taxonomy":"post_tag","embeddable":true,"href":"https:\/\/diarioregionaldigital.com.br\/index.php?rest_route=%2Fwp%2Fv2%2Ftags&post=130803"}],"curies":[{"name":"wp","href":"https:\/\/api.w.org\/{rel}","templated":true}]}}