{"id":130794,"date":"2019-01-12T14:18:40","date_gmt":"2019-01-12T16:18:40","guid":{"rendered":"https:\/\/diarioregionaldigital.com.br\/?p=130794"},"modified":"2019-01-12T14:18:40","modified_gmt":"2019-01-12T16:18:40","slug":"lei-veda-emprestimo-com-recursos-oficiais-a-quem-deve-fgts","status":"publish","type":"post","link":"https:\/\/diarioregionaldigital.com.br\/?p=130794","title":{"rendered":"Lei veda empr\u00e9stimo com recursos oficiais a quem deve FGTS"},"content":{"rendered":"<p>Institui\u00e7\u00f5es de cr\u00e9dito p\u00fablicas e privadas est\u00e3o proibidas de realizar opera\u00e7\u00f5es de financiamento ou conceder dispensa de juros, de multa, de corre\u00e7\u00e3o monet\u00e1ria ou qualquer outro benef\u00edcio, com recursos p\u00fablicos ou do Fundo de Garantia do Tempo de Servi\u00e7o (FGTS), a empresas com d\u00e9bitos junto ao FGTS.<\/p>\n<p>A veda\u00e7\u00e3o consta da Lei\u00a0<a href=\"http:\/\/www.planalto.gov.br\/ccivil_03\/_ato2019-2022\/2019\/Lei\/L13805.htm\">13.805, de 2019<\/a>, publicada nessa sexta-feira, 11, no\u00a0<i>Di\u00e1rio Oficial da Uni\u00e3o<\/i>, e entra em vigor\u00a0imediatamente.<\/p>\n<p>Os recursos p\u00fablicos de que trata a lei s\u00e3o os provenientes de fontes como o Tesouro, o Fundo de Amparo ao Trabalhador (FAT), o Banco Nacional de Desenvolvimento Econ\u00f4mico e Social (BNDES), os Fundos Constitucionais, entre outros, \u00e0s empresas que devem ao FGTS.<\/p>\n<p>A proibi\u00e7\u00e3o estabelecida n\u00e3o se aplica a opera\u00e7\u00e3o de cr\u00e9dito destinada a saldar d\u00e9bitos com o FGTS. A comprova\u00e7\u00e3o da quita\u00e7\u00e3o com o FGTS ocorrer\u00e1 mediante apresenta\u00e7\u00e3o de certid\u00e3o expedida pela Caixa Econ\u00f4mica Federal.<\/p>\n<p>Sancionada pelo presidente da Rep\u00fablica, Jair Bolsonaro, a norma tamb\u00e9m revogou o par\u00e1grafo 2\u00b0 do artigo 1\u00b0 da Lei\u00a0<a href=\"http:\/\/www.planalto.gov.br\/ccivil_03\/LEIS\/L9012.htm\">9.012, de 1995<\/a>, que determinava que os parcelamentos de d\u00e9bitos com as institui\u00e7\u00f5es oficiais de cr\u00e9dito somente seriam concedidos mediante a comprova\u00e7\u00e3o da quita\u00e7\u00e3o com o FGTS.<\/p>\n<p>A nova lei estabelece, por fim, que a apresenta\u00e7\u00e3o do Certificado de Regularidade do FGTS, fornecido pela Caixa Econ\u00f4mica Federal, \u00e9 obrigat\u00f3rio para obten\u00e7\u00e3o, por parte da Uni\u00e3o, dos estados ou dos munic\u00edpios, ou por \u00f3rg\u00e3os da administra\u00e7\u00e3o federal, estadual ou municipal, de empr\u00e9stimos ou financiamentos realizados com lastro em recursos p\u00fablicos ou oriundos do FGTS perante quaisquer institui\u00e7\u00f5es de cr\u00e9dito.<\/p>\n<p>A lei tem origem no Projeto de Lei do Senado (PLS)\u00a0<a href=\"http:\/\/www.senado.gov.br\/atividade\/materia\/detalhes.asp?p_cod_mate=99971\" target=\"_blank\" rel=\"noopener\">184\/2011<\/a>, de autoria do senador Jos\u00e9 Pimentel (PT-CE), aprovado terminativamente pelos senadores da Comiss\u00e3o de Assuntos Econ\u00f4micos (CAE) em dezembro de 2017 e pela C\u00e2mara dos Deputados em dezembro de 2018 (PL 9618\/2018).<\/p>\n<p>Jos\u00e9 Pimentel argumentou \u00e0 \u00e9poca que a legisla\u00e7\u00e3o at\u00e9 ent\u00e3o vigente trazia veda\u00e7\u00f5es somente \u00e0s institui\u00e7\u00f5es p\u00fablicas, o que violaria os princ\u00edpios da livre iniciativa e da livre concorr\u00eancia. A amplia\u00e7\u00e3o da medida, portanto, visaria resguardar a competitividade das institui\u00e7\u00f5es financeiras p\u00fablicas, como Caixa Econ\u00f4mica e Banco do Brasil.<\/p>\n<p>Para o senador a amplia\u00e7\u00e3o da exig\u00eancia de adimpl\u00eancia junto ao FGTS poder\u00e1 incentivar a arrecada\u00e7\u00e3o e a regularidade das empresas tomadoras de empr\u00e9stimos, preservando o patrim\u00f4nio do trabalhador e os recursos para o financiamento de projetos de infraestrutura, habita\u00e7\u00e3o e saneamento.<\/p>\n<p>Fonte: Ag\u00eancia Senado<\/p>\n","protected":false},"excerpt":{"rendered":"<p>Institui\u00e7\u00f5es de cr\u00e9dito p\u00fablicas e privadas est\u00e3o proibidas de realizar opera\u00e7\u00f5es de financiamento ou conceder dispensa de juros, de multa, de corre\u00e7\u00e3o monet\u00e1ria ou qualquer outro benef\u00edcio, com recursos p\u00fablicos ou do Fundo de Garantia do Tempo de Servi\u00e7o (FGTS), a empresas com d\u00e9bitos junto ao FGTS. A veda\u00e7\u00e3o consta da Lei\u00a013.805, de 2019, publicada [&hellip;]<\/p>\n","protected":false},"author":96,"featured_media":130795,"comment_status":"closed","ping_status":"closed","sticky":false,"template":"","format":"standard","meta":{"footnotes":""},"categories":[436,254,439],"tags":[],"class_list":["post-130794","post","type-post","status-publish","format-standard","has-post-thumbnail","hentry","category-destaque-da-semana","category-politica","category-ultima-hora"],"_links":{"self":[{"href":"https:\/\/diarioregionaldigital.com.br\/index.php?rest_route=\/wp\/v2\/posts\/130794","targetHints":{"allow":["GET"]}}],"collection":[{"href":"https:\/\/diarioregionaldigital.com.br\/index.php?rest_route=\/wp\/v2\/posts"}],"about":[{"href":"https:\/\/diarioregionaldigital.com.br\/index.php?rest_route=\/wp\/v2\/types\/post"}],"author":[{"embeddable":true,"href":"https:\/\/diarioregionaldigital.com.br\/index.php?rest_route=\/wp\/v2\/users\/96"}],"replies":[{"embeddable":true,"href":"https:\/\/diarioregionaldigital.com.br\/index.php?rest_route=%2Fwp%2Fv2%2Fcomments&post=130794"}],"version-history":[{"count":0,"href":"https:\/\/diarioregionaldigital.com.br\/index.php?rest_route=\/wp\/v2\/posts\/130794\/revisions"}],"wp:featuredmedia":[{"embeddable":true,"href":"https:\/\/diarioregionaldigital.com.br\/index.php?rest_route=\/wp\/v2\/media\/130795"}],"wp:attachment":[{"href":"https:\/\/diarioregionaldigital.com.br\/index.php?rest_route=%2Fwp%2Fv2%2Fmedia&parent=130794"}],"wp:term":[{"taxonomy":"category","embeddable":true,"href":"https:\/\/diarioregionaldigital.com.br\/index.php?rest_route=%2Fwp%2Fv2%2Fcategories&post=130794"},{"taxonomy":"post_tag","embeddable":true,"href":"https:\/\/diarioregionaldigital.com.br\/index.php?rest_route=%2Fwp%2Fv2%2Ftags&post=130794"}],"curies":[{"name":"wp","href":"https:\/\/api.w.org\/{rel}","templated":true}]}}