{"id":130791,"date":"2019-01-12T14:14:20","date_gmt":"2019-01-12T16:14:20","guid":{"rendered":"https:\/\/diarioregionaldigital.com.br\/?p=130791"},"modified":"2019-01-12T14:14:20","modified_gmt":"2019-01-12T16:14:20","slug":"regulamentacao-de-tecnico-em-imobilizacao-ortopedica-e-vetada-pelo-presidente","status":"publish","type":"post","link":"https:\/\/diarioregionaldigital.com.br\/?p=130791","title":{"rendered":"Regulamenta\u00e7\u00e3o de t\u00e9cnico em imobiliza\u00e7\u00e3o ortop\u00e9dica \u00e9 vetada pelo Presidente"},"content":{"rendered":"<p>Foi publicado no\u00a0<i>Di\u00e1rio Oficial da Uni\u00e3o<\/i>\u00a0(DOU) na \u00faltima sexta-feira, 11, o veto total do presidente da Rep\u00fablica, Jair Messias Bolsonaro, ao\u00a0<a href=\"https:\/\/www25.senado.leg.br\/web\/atividade\/materias\/-\/materia\/88722\">PLC 187\/2008<\/a>, que trata da regulamenta\u00e7\u00e3o do exerc\u00edcio da profiss\u00e3o de t\u00e9cnico em imobiliza\u00e7\u00e3o ortop\u00e9dica.\u00a0O Poder Executivo alega que o projeto \u00e9 inconstitucional.<\/p>\n<p>De autoria do deputado Arnaldo Faria de S\u00e1 (PTB-SP), o projeto define a \u00e1rea de atua\u00e7\u00e3o do profissional respons\u00e1vel pela aplica\u00e7\u00e3o e retirada de gesso e outras imobiliza\u00e7\u00f5es ortop\u00e9dicas, como talas. Exige ainda n\u00edvel m\u00e9dio e curso t\u00e9cnico com dura\u00e7\u00e3o m\u00ednima de dois anos em institui\u00e7\u00e3o reconhecida pelo governo.<\/p>\n<p>A proposta determina que o curso para forma\u00e7\u00e3o de t\u00e9cnico em imobiliza\u00e7\u00f5es ortop\u00e9dicas s\u00f3 ser\u00e1 reconhecido se for orientado por m\u00e9dico ortopedista e apresentar instala\u00e7\u00f5es satisfat\u00f3rias e corpo docente com idoneidade profissional. Ser\u00e3o necess\u00e1rias aulas pr\u00e1ticas e te\u00f3ricas, com a previs\u00e3o de centros de est\u00e1gio.<\/p>\n<p>De acordo com a mensagem que acompanha a san\u00e7\u00e3o do projeto, os Minist\u00e9rios da Sa\u00fade e da Economia pediram o veto total ao PLC 187\/2008 por ser \u201cnecess\u00e1rio evitar o cerceamento do exerc\u00edcio das atividades mencionadas no projeto por outros profissionais que executem fun\u00e7\u00f5es similares, preservando-se o direito constitucional ao livre exerc\u00edcio profissional\u201d.<\/p>\n<p>Al\u00e9m disso, o governo argumenta que o Supremo Tribunal Federal j\u00e1 se manifestou \u201cno sentido de que a edi\u00e7\u00e3o de lei regulamentadora de profiss\u00e3o, nos termos constitucionais, n\u00e3o confere ao legislador o poder de restringir o exerc\u00edcio da liberdade profissional a ponto de atingir o seu pr\u00f3prio n\u00facleo essencial, sob pena de extrapolar os limites de restri\u00e7\u00e3o autorizativa pela Carta\u201d.<\/p>\n<p>Com o veto, fica suspensa, total ou parcialmente, a transforma\u00e7\u00e3o do projeto em lei. Por\u00e9m, mesmo vetado integralmente, o projeto ainda pode virar lei caso o Congresso Nacional decida derrubar o veto presidencial.<\/p>\n<p>A manuten\u00e7\u00e3o ou rejei\u00e7\u00e3o do veto depende de delibera\u00e7\u00e3o dos deputados e senadores, em sess\u00e3o conjunta do Congresso. Para o veto ser rejeitado \u00e9 preciso o voto da maioria absoluta dos parlamentares de cada uma das Casas (41 votos no Senado e 257 votos na C\u00e2mara). A mat\u00e9ria cujo veto foi rejeitado \u00e9 enviada ao presidente da Rep\u00fablica para promulga\u00e7\u00e3o.<\/p>\n<p>Fonte: Ag\u00eancia Senado<\/p>\n","protected":false},"excerpt":{"rendered":"<p>Foi publicado no\u00a0Di\u00e1rio Oficial da Uni\u00e3o\u00a0(DOU) na \u00faltima sexta-feira, 11, o veto total do presidente da Rep\u00fablica, Jair Messias Bolsonaro, ao\u00a0PLC 187\/2008, que trata da regulamenta\u00e7\u00e3o do exerc\u00edcio da profiss\u00e3o de t\u00e9cnico em imobiliza\u00e7\u00e3o ortop\u00e9dica.\u00a0O Poder Executivo alega que o projeto \u00e9 inconstitucional. De autoria do deputado Arnaldo Faria de S\u00e1 (PTB-SP), o projeto define [&hellip;]<\/p>\n","protected":false},"author":96,"featured_media":130792,"comment_status":"closed","ping_status":"closed","sticky":false,"template":"","format":"standard","meta":{"footnotes":""},"categories":[436,254,439],"tags":[],"class_list":["post-130791","post","type-post","status-publish","format-standard","has-post-thumbnail","hentry","category-destaque-da-semana","category-politica","category-ultima-hora"],"_links":{"self":[{"href":"https:\/\/diarioregionaldigital.com.br\/index.php?rest_route=\/wp\/v2\/posts\/130791","targetHints":{"allow":["GET"]}}],"collection":[{"href":"https:\/\/diarioregionaldigital.com.br\/index.php?rest_route=\/wp\/v2\/posts"}],"about":[{"href":"https:\/\/diarioregionaldigital.com.br\/index.php?rest_route=\/wp\/v2\/types\/post"}],"author":[{"embeddable":true,"href":"https:\/\/diarioregionaldigital.com.br\/index.php?rest_route=\/wp\/v2\/users\/96"}],"replies":[{"embeddable":true,"href":"https:\/\/diarioregionaldigital.com.br\/index.php?rest_route=%2Fwp%2Fv2%2Fcomments&post=130791"}],"version-history":[{"count":0,"href":"https:\/\/diarioregionaldigital.com.br\/index.php?rest_route=\/wp\/v2\/posts\/130791\/revisions"}],"wp:featuredmedia":[{"embeddable":true,"href":"https:\/\/diarioregionaldigital.com.br\/index.php?rest_route=\/wp\/v2\/media\/130792"}],"wp:attachment":[{"href":"https:\/\/diarioregionaldigital.com.br\/index.php?rest_route=%2Fwp%2Fv2%2Fmedia&parent=130791"}],"wp:term":[{"taxonomy":"category","embeddable":true,"href":"https:\/\/diarioregionaldigital.com.br\/index.php?rest_route=%2Fwp%2Fv2%2Fcategories&post=130791"},{"taxonomy":"post_tag","embeddable":true,"href":"https:\/\/diarioregionaldigital.com.br\/index.php?rest_route=%2Fwp%2Fv2%2Ftags&post=130791"}],"curies":[{"name":"wp","href":"https:\/\/api.w.org\/{rel}","templated":true}]}}