{"id":130730,"date":"2019-01-13T06:00:03","date_gmt":"2019-01-13T08:00:03","guid":{"rendered":"https:\/\/diarioregionaldigital.com.br\/?p=130730"},"modified":"2019-01-11T18:25:43","modified_gmt":"2019-01-11T20:25:43","slug":"chamada-ao-trabalho-lucas-santos-correia-13-01-19","status":"publish","type":"post","link":"https:\/\/diarioregionaldigital.com.br\/?p=130730","title":{"rendered":"Chamada ao Trabalho &#8211; Lucas Santos Correia &#8211; 13\/01\/19"},"content":{"rendered":"<p style=\"text-align: center;\"><strong>Chamada Ao Trabalho<\/strong><br \/>\n<strong>01-A Empresa Correa Martins Construtora Ltda, Cnpj: 11.548.805\/0001-90<\/strong><\/p>\n<p style=\"text-align: center;\">Solicita O Comparecimento De V.S.Lucas Santos Correia, Cpts Serie\u00a017951\/00028-Pi,No Escrit\u00f3rio Em Juiz De Fora (Rua Eduardo Sathler, N\u00ba02-Lote 11-Casa C41- Serra D&#8217;\u00c1gua) No Prazo De \u00a005 Dias \u00a0, Para\u00a0Justificar Suas \u00a0Faltas,Desde o Dia 01\/11\/2018, Sob Pena de Caracteriza\u00e7\u00e3o de Abandono De Emprego, Conforme Disp\u00f5e o Antigo.<\/p>\n<p style=\"text-align: center;\"><strong>482,Letra&#8221;I&#8221; Da Clt.<\/strong><br \/>\n<strong>\u00a0Juiz De Fora\u00a0 11\/01\/2019<\/strong><\/p>\n","protected":false},"excerpt":{"rendered":"<p>Chamada Ao Trabalho 01-A Empresa Correa Martins Construtora Ltda, Cnpj: 11.548.805\/0001-90 Solicita O Comparecimento De V.S.Lucas Santos Correia, Cpts Serie\u00a017951\/00028-Pi,No Escrit\u00f3rio Em Juiz De Fora (Rua Eduardo Sathler, N\u00ba02-Lote 11-Casa C41- Serra D&#8217;\u00c1gua) No Prazo De \u00a005 Dias \u00a0, Para\u00a0Justificar Suas \u00a0Faltas,Desde o Dia 01\/11\/2018, Sob Pena de Caracteriza\u00e7\u00e3o de Abandono De Emprego, Conforme Disp\u00f5e [&hellip;]<\/p>\n","protected":false},"author":96,"featured_media":0,"comment_status":"closed","ping_status":"closed","sticky":false,"template":"","format":"standard","meta":{"footnotes":""},"categories":[307],"tags":[],"class_list":["post-130730","post","type-post","status-publish","format-standard","hentry","category-editais"],"_links":{"self":[{"href":"https:\/\/diarioregionaldigital.com.br\/index.php?rest_route=\/wp\/v2\/posts\/130730","targetHints":{"allow":["GET"]}}],"collection":[{"href":"https:\/\/diarioregionaldigital.com.br\/index.php?rest_route=\/wp\/v2\/posts"}],"about":[{"href":"https:\/\/diarioregionaldigital.com.br\/index.php?rest_route=\/wp\/v2\/types\/post"}],"author":[{"embeddable":true,"href":"https:\/\/diarioregionaldigital.com.br\/index.php?rest_route=\/wp\/v2\/users\/96"}],"replies":[{"embeddable":true,"href":"https:\/\/diarioregionaldigital.com.br\/index.php?rest_route=%2Fwp%2Fv2%2Fcomments&post=130730"}],"version-history":[{"count":0,"href":"https:\/\/diarioregionaldigital.com.br\/index.php?rest_route=\/wp\/v2\/posts\/130730\/revisions"}],"wp:attachment":[{"href":"https:\/\/diarioregionaldigital.com.br\/index.php?rest_route=%2Fwp%2Fv2%2Fmedia&parent=130730"}],"wp:term":[{"taxonomy":"category","embeddable":true,"href":"https:\/\/diarioregionaldigital.com.br\/index.php?rest_route=%2Fwp%2Fv2%2Fcategories&post=130730"},{"taxonomy":"post_tag","embeddable":true,"href":"https:\/\/diarioregionaldigital.com.br\/index.php?rest_route=%2Fwp%2Fv2%2Ftags&post=130730"}],"curies":[{"name":"wp","href":"https:\/\/api.w.org\/{rel}","templated":true}]}}