{"id":130692,"date":"2019-01-11T14:53:43","date_gmt":"2019-01-11T16:53:43","guid":{"rendered":"https:\/\/diarioregionaldigital.com.br\/?p=130692"},"modified":"2019-01-11T14:53:43","modified_gmt":"2019-01-11T16:53:43","slug":"pjf-arrecada-mais-de-r81-milhoes-com-pagamento-da-primeira-etapa-do-iptu","status":"publish","type":"post","link":"https:\/\/diarioregionaldigital.com.br\/?p=130692","title":{"rendered":"PJF arrecada mais de R$81 milh\u00f5es com pagamento da primeira etapa do IPTU"},"content":{"rendered":"<p>Na primeira etapa do pagamento do Imposto Predial e Territorial Urbano (IPTU) 2019, a Prefeitura de Juiz de Fora (PJF) arrecadou a quantia de R$81.625.387,76. O valor arrecadado foi contabilizado at\u00e9 essa quinta-feira, 10. No total, foram emitidos 77.832 boletos para pagamento \u00e0 vista com 10% de desconto. Os dados foram divulgados nesta sexta-feira, 11, pela Assessoria de Comunica\u00e7\u00e3o da Secretaria da Fazenda da PJF.<\/p>\n<p>No ano passado, no mesmo per\u00edodo contabilizado para pagamento do IPTU, fora arrecadados R$78 milh\u00f5es. Para este ano, a expectativa da PJF era de arrecadar, com o desconto estabelecido, R$80 milh\u00f5es.<\/p>\n<p>Conforme foi anunciado anteriormente pelo prefeito Ant\u00f4nio Almas (PSDB), o dinheiro ser\u00e1 destinado ao pagamento do 13\u00ba sal\u00e1rio dos servidores da Prefeitura.<\/p>\n<p>Quem perdeu o desconto de 10% conseguir\u00e1 pagar o IPTU at\u00e9 o dia 20 de fevereiro com 5% de desconto para aqueles que n\u00e3o tiverem d\u00e9bito com o Munic\u00edpio.\u00a0De acordo com a PJF, o Sistema Fazend\u00e1rio (Sifan) respons\u00e1vel por emitir a via on-line do IPTU e o Documento de Arrecada\u00e7\u00e3o Municipal (DAM) est\u00e1 fora do ar. Est\u00e1 a\u00e7\u00e3o \u00e9 necess\u00e1ria para que seja feito o processamento da base fazend\u00e1ria e a baixa da emiss\u00e3o de carn\u00eas do IPTU 2019 com 10% de desconto. A emiss\u00e3o da guia de arrecada\u00e7\u00e3o do IPTU ser\u00e1 retomada na pr\u00f3xima quarta-feira, 16.<\/p>\n","protected":false},"excerpt":{"rendered":"<p>Na primeira etapa do pagamento do Imposto Predial e Territorial Urbano (IPTU) 2019, a Prefeitura de Juiz de Fora (PJF) arrecadou a quantia de R$81.625.387,76. O valor arrecadado foi contabilizado at\u00e9 essa quinta-feira, 10. No total, foram emitidos 77.832 boletos para pagamento \u00e0 vista com 10% de desconto. Os dados foram divulgados nesta sexta-feira, 11, [&hellip;]<\/p>\n","protected":false},"author":96,"featured_media":130693,"comment_status":"closed","ping_status":"closed","sticky":false,"template":"","format":"standard","meta":{"footnotes":""},"categories":[253,436,440,439],"tags":[],"class_list":["post-130692","post","type-post","status-publish","format-standard","has-post-thumbnail","hentry","category-cidade","category-destaque-da-semana","category-destaques-do-dia","category-ultima-hora"],"_links":{"self":[{"href":"https:\/\/diarioregionaldigital.com.br\/index.php?rest_route=\/wp\/v2\/posts\/130692","targetHints":{"allow":["GET"]}}],"collection":[{"href":"https:\/\/diarioregionaldigital.com.br\/index.php?rest_route=\/wp\/v2\/posts"}],"about":[{"href":"https:\/\/diarioregionaldigital.com.br\/index.php?rest_route=\/wp\/v2\/types\/post"}],"author":[{"embeddable":true,"href":"https:\/\/diarioregionaldigital.com.br\/index.php?rest_route=\/wp\/v2\/users\/96"}],"replies":[{"embeddable":true,"href":"https:\/\/diarioregionaldigital.com.br\/index.php?rest_route=%2Fwp%2Fv2%2Fcomments&post=130692"}],"version-history":[{"count":0,"href":"https:\/\/diarioregionaldigital.com.br\/index.php?rest_route=\/wp\/v2\/posts\/130692\/revisions"}],"wp:featuredmedia":[{"embeddable":true,"href":"https:\/\/diarioregionaldigital.com.br\/index.php?rest_route=\/wp\/v2\/media\/130693"}],"wp:attachment":[{"href":"https:\/\/diarioregionaldigital.com.br\/index.php?rest_route=%2Fwp%2Fv2%2Fmedia&parent=130692"}],"wp:term":[{"taxonomy":"category","embeddable":true,"href":"https:\/\/diarioregionaldigital.com.br\/index.php?rest_route=%2Fwp%2Fv2%2Fcategories&post=130692"},{"taxonomy":"post_tag","embeddable":true,"href":"https:\/\/diarioregionaldigital.com.br\/index.php?rest_route=%2Fwp%2Fv2%2Ftags&post=130692"}],"curies":[{"name":"wp","href":"https:\/\/api.w.org\/{rel}","templated":true}]}}