{"id":130641,"date":"2019-01-11T06:00:05","date_gmt":"2019-01-11T08:00:05","guid":{"rendered":"https:\/\/diarioregionaldigital.com.br\/?p=130641"},"modified":"2019-01-10T22:01:03","modified_gmt":"2019-01-11T00:01:03","slug":"edital-de-convocacao-vila-verde-11-01-19","status":"publish","type":"post","link":"https:\/\/diarioregionaldigital.com.br\/?p=130641","title":{"rendered":"Edital de Convoca\u00e7\u00e3o Vila Verde &#8211; 11\/01\/19"},"content":{"rendered":"<p style=\"margin: 0cm 0cm 0.0001pt; background: white; text-align: center;\"><strong><span style=\"font-family: 'Arial','sans-serif'; color: black;\">Clinica Psiqui\u00e1trica Vila Verde Ltda<\/span><\/strong><\/p>\n<p style=\"margin: 0cm 0cm 0.0001pt; background: white; text-align: center;\"><strong><span style=\"font-family: 'Arial','sans-serif'; color: black;\">Edital de Convoca\u00e7\u00e3o<\/span><\/strong><\/p>\n<p style=\"margin: 0cm 0cm 0.0001pt; background: white; text-align: center;\"><strong><span style=\"font-family: 'Arial','sans-serif'; color: black;\">Assembleia Geral Extraordin\u00e1ria<\/span><\/strong><\/p>\n<p style=\"margin: 0cm; margin-bottom: .0001pt; text-align: justify; background: white;\"><span style=\"font-family: 'Arial','sans-serif'; color: black;\">No uso das obriga\u00e7\u00f5es que lhe confere o Dr. Glauco Corr\u00eaa de Ara\u00fajo, Diretor-Administrativo, em cumprimento ao Art. 1.152, do c\u00f3digo Civil Brasileiro, o diretor administrativo, convoca todos os s\u00f3cios para Assembleia Geral Extraordin\u00e1ria a se realizar em\u00a0<b>21 de janeiro de 2019<\/b>, \u00e0s\u00a0<b>20:00 (vinte horas)<\/b>, em\u00a0<b>primeira convoca\u00e7\u00e3o<\/b>\u00a0e\u00a0<b>20:30(vinte e trinta horas), em segunda e \u00faltima convoca\u00e7\u00e3o,<\/b>\u00a0com qualquer numero de presentes, \u00e0 Alameda Santo Ant\u00f4nio, n\u00ba 555, Bosque do Imperador, CEP: 36.037-680 \u2013 Juiz de Fora-MG, para deliberarem sobre a seguinte pauta: 1) Presta\u00e7\u00e3o de contas por parte do Departamento Financeiro referente ao ano se 2018, 2) Previs\u00e3o Or\u00e7ament\u00e1ria para o ano de 2019, 3) Assuntos gerais de interesse societ\u00e1rio. OBSERVA\u00c7\u00d5ES: 1) Os representantes legais dos interessados que n\u00e3o puderem comparecer dever\u00e3o se fazer representar por procurador legalmente \u00a0identificado por procura\u00e7\u00e3o p\u00fablica \u00a0para o presente ato.<\/span><b><\/b><\/p>\n<p style=\"margin: 0cm; margin-bottom: .0001pt; text-align: justify; background: white;\"><span style=\"color: black;\">\u00a0<\/span><\/p>\n<p style=\"margin: 0cm 0cm 0.0001pt; background: white; text-align: center;\"><strong><span style=\"font-family: 'Arial','sans-serif'; color: black;\">Juiz de Fora, 17 de dezembro de 2018.<\/span><\/strong><\/p>\n<p style=\"margin: 0cm 0cm 0.0001pt; background: white; text-align: center;\"><strong><span style=\"font-family: 'Arial','sans-serif'; color: black;\">\u00a0<\/span><\/strong><strong><span style=\"font-family: 'Arial','sans-serif'; color: black;\">Clinica Psiqui\u00e1trica Vila Verde Ltda<\/span><\/strong><\/p>\n","protected":false},"excerpt":{"rendered":"<p>Clinica Psiqui\u00e1trica Vila Verde Ltda Edital de Convoca\u00e7\u00e3o Assembleia Geral Extraordin\u00e1ria No uso das obriga\u00e7\u00f5es que lhe confere o Dr. Glauco Corr\u00eaa de Ara\u00fajo, Diretor-Administrativo, em cumprimento ao Art. 1.152, do c\u00f3digo Civil Brasileiro, o diretor administrativo, convoca todos os s\u00f3cios para Assembleia Geral Extraordin\u00e1ria a se realizar em\u00a021 de janeiro de 2019, \u00e0s\u00a020:00 (vinte [&hellip;]<\/p>\n","protected":false},"author":96,"featured_media":0,"comment_status":"closed","ping_status":"closed","sticky":false,"template":"","format":"standard","meta":{"footnotes":""},"categories":[307],"tags":[],"class_list":["post-130641","post","type-post","status-publish","format-standard","hentry","category-editais"],"_links":{"self":[{"href":"https:\/\/diarioregionaldigital.com.br\/index.php?rest_route=\/wp\/v2\/posts\/130641","targetHints":{"allow":["GET"]}}],"collection":[{"href":"https:\/\/diarioregionaldigital.com.br\/index.php?rest_route=\/wp\/v2\/posts"}],"about":[{"href":"https:\/\/diarioregionaldigital.com.br\/index.php?rest_route=\/wp\/v2\/types\/post"}],"author":[{"embeddable":true,"href":"https:\/\/diarioregionaldigital.com.br\/index.php?rest_route=\/wp\/v2\/users\/96"}],"replies":[{"embeddable":true,"href":"https:\/\/diarioregionaldigital.com.br\/index.php?rest_route=%2Fwp%2Fv2%2Fcomments&post=130641"}],"version-history":[{"count":0,"href":"https:\/\/diarioregionaldigital.com.br\/index.php?rest_route=\/wp\/v2\/posts\/130641\/revisions"}],"wp:attachment":[{"href":"https:\/\/diarioregionaldigital.com.br\/index.php?rest_route=%2Fwp%2Fv2%2Fmedia&parent=130641"}],"wp:term":[{"taxonomy":"category","embeddable":true,"href":"https:\/\/diarioregionaldigital.com.br\/index.php?rest_route=%2Fwp%2Fv2%2Fcategories&post=130641"},{"taxonomy":"post_tag","embeddable":true,"href":"https:\/\/diarioregionaldigital.com.br\/index.php?rest_route=%2Fwp%2Fv2%2Ftags&post=130641"}],"curies":[{"name":"wp","href":"https:\/\/api.w.org\/{rel}","templated":true}]}}