{"id":130611,"date":"2019-01-11T06:00:55","date_gmt":"2019-01-11T08:00:55","guid":{"rendered":"https:\/\/diarioregionaldigital.com.br\/?p=130611"},"modified":"2019-01-10T21:13:11","modified_gmt":"2019-01-10T23:13:11","slug":"the-end","status":"publish","type":"post","link":"https:\/\/diarioregionaldigital.com.br\/?p=130611","title":{"rendered":"The End"},"content":{"rendered":"<p style=\"text-align: center;\"><strong>Opini\u00e3o<\/strong><\/p>\n<p style=\"text-align: center;\">Cotas n\u00e3o atenuam as diferen\u00e7as sociais, porque levam alunos despreparados para as universidades. Pior, baixam a qualidade do ensino para todos. Al\u00e9m de promo\u00e7\u00e3o e inova\u00e7\u00e3o social, universidade \u00e9 tamb\u00e9m lugar de formar bons profissionais. A base deve vir se formando desde a pr\u00e9-escola, e, sem ela, \u00e9 dinheiro posto fora. D\u00edvida social se paga com ensino de qualidade desde os primeiros anos.<\/p>\n<p style=\"text-align: center;\"><strong>Troca Sadia <\/strong><\/p>\n<p style=\"text-align: center;\">O antenado e querido jornalista Zilvan Martins assumiu a assessoria da Secretaria de Sa\u00fade. Ele substitui Gabriela Gervason, convidada por Elizabeth Juc\u00e1, para atuar na Secretaria do Estado de Impacto Social.<\/p>\n<p style=\"text-align: center;\"><strong>Pombo-Correio<\/strong><\/p>\n<p style=\"text-align: center;\">A crise continua a fazer das suas. Os Correios entraram nessa e encerraram os servi\u00e7os de banco postal em Juiz de Fora das ag\u00eancias localizadas no Independ\u00eancia Shopping, na rua Esp\u00edrito Santo e em Benfica. A \u00fanica ag\u00eancia que continua oferecendo o servi\u00e7o na cidade e a unidade localizada na rua Marechal Deodoro.<\/p>\n<p style=\"text-align: center;\"><strong>Holofotes<\/strong><\/p>\n<p style=\"text-align: center;\">Eterna rainha da cocada preta, a diva Sandra Portella se apresenta hoje, na casa noturna Blue Note Rio, na Lagoa. Ela arrasa com o repert\u00f3rio de Clara Nunes, com participa\u00e7\u00e3o linda do maestro Rildo Hora. \u00ca lasqu\u00eara!<\/p>\n<p style=\"text-align: center;\"><strong>The End<\/strong><\/p>\n<p style=\"text-align: center;\">O in\u00edcio de 2019 veio com a triste not\u00edcia de que mais de mil produtores n\u00e3o ter\u00e3o mais assist\u00eancia da Emater. \u00c9 que a Prefeitura de Juiz de Fora n\u00e3o renovou conv\u00eanio com a empresa estatal por conta de d\u00edvidas do Estado com o Munic\u00edpio. Os Programas como Cintur\u00e3o Verde e Dia de Campo ser\u00e3o encerrados.<\/p>\n<div id=\"attachment_130560\" style=\"width: 690px\" class=\"wp-caption aligncenter\"><img loading=\"lazy\" decoding=\"async\" aria-describedby=\"caption-attachment-130560\" class=\"wp-image-130560\" src=\"https:\/\/diarioregionaldigital.com.br\/wp-content\/uploads\/2019\/01\/fotoa-6-e1547160977203.jpg\" alt=\"\" width=\"680\" height=\"531\" srcset=\"https:\/\/diarioregionaldigital.com.br\/wp-content\/uploads\/2019\/01\/fotoa-6-e1547160977203.jpg 645w, https:\/\/diarioregionaldigital.com.br\/wp-content\/uploads\/2019\/01\/fotoa-6-e1547160977203-300x234.jpg 300w, https:\/\/diarioregionaldigital.com.br\/wp-content\/uploads\/2019\/01\/fotoa-6-e1547160977203-360x281.jpg 360w\" sizes=\"auto, (max-width: 680px) 100vw, 680px\" \/><p id=\"caption-attachment-130560\" class=\"wp-caption-text\">Aniversariante de destaque do fim de semana, o mega-cabeleireiro, Carlos Badico<\/p><\/div>\n<div id=\"attachment_130561\" style=\"width: 690px\" class=\"wp-caption aligncenter\"><img loading=\"lazy\" decoding=\"async\" aria-describedby=\"caption-attachment-130561\" class=\"wp-image-130561\" src=\"https:\/\/diarioregionaldigital.com.br\/wp-content\/uploads\/2019\/01\/fotoaa-3-e1547160703211.jpg\" alt=\"\" width=\"680\" height=\"583\" srcset=\"https:\/\/diarioregionaldigital.com.br\/wp-content\/uploads\/2019\/01\/fotoaa-3-e1547160703211.jpg 640w, https:\/\/diarioregionaldigital.com.br\/wp-content\/uploads\/2019\/01\/fotoaa-3-e1547160703211-300x257.jpg 300w, https:\/\/diarioregionaldigital.com.br\/wp-content\/uploads\/2019\/01\/fotoaa-3-e1547160703211-360x309.jpg 360w\" sizes=\"auto, (max-width: 680px) 100vw, 680px\" \/><p id=\"caption-attachment-130561\" class=\"wp-caption-text\">Armando J\u00fanior atra\u00e7\u00e3o desta 6\u00aa feira, no Restaurante Pal\u00e1cio<\/p><\/div>\n<div id=\"attachment_130562\" style=\"width: 690px\" class=\"wp-caption aligncenter\"><img loading=\"lazy\" decoding=\"async\" aria-describedby=\"caption-attachment-130562\" class=\"wp-image-130562\" src=\"https:\/\/diarioregionaldigital.com.br\/wp-content\/uploads\/2019\/01\/fotob-6-e1547160724231.jpg\" alt=\"\" width=\"680\" height=\"514\" srcset=\"https:\/\/diarioregionaldigital.com.br\/wp-content\/uploads\/2019\/01\/fotob-6-e1547160724231.jpg 1175w, https:\/\/diarioregionaldigital.com.br\/wp-content\/uploads\/2019\/01\/fotob-6-e1547160724231-300x227.jpg 300w, https:\/\/diarioregionaldigital.com.br\/wp-content\/uploads\/2019\/01\/fotob-6-e1547160724231-768x580.jpg 768w, https:\/\/diarioregionaldigital.com.br\/wp-content\/uploads\/2019\/01\/fotob-6-e1547160724231-1024x774.jpg 1024w, https:\/\/diarioregionaldigital.com.br\/wp-content\/uploads\/2019\/01\/fotob-6-e1547160724231-360x272.jpg 360w\" sizes=\"auto, (max-width: 680px) 100vw, 680px\" \/><p id=\"caption-attachment-130562\" class=\"wp-caption-text\">Giulia Caruso, linda, festejou seus 5 anos no Serelepe Kids ao lado dos pais Raffaela e Adair Caruso<\/p><\/div>\n<div id=\"attachment_130563\" style=\"width: 690px\" class=\"wp-caption aligncenter\"><img loading=\"lazy\" decoding=\"async\" aria-describedby=\"caption-attachment-130563\" class=\"wp-image-130563\" src=\"https:\/\/diarioregionaldigital.com.br\/wp-content\/uploads\/2019\/01\/fotobb-2-e1547160745368.jpg\" alt=\"\" width=\"680\" height=\"498\" srcset=\"https:\/\/diarioregionaldigital.com.br\/wp-content\/uploads\/2019\/01\/fotobb-2-e1547160745368.jpg 921w, https:\/\/diarioregionaldigital.com.br\/wp-content\/uploads\/2019\/01\/fotobb-2-e1547160745368-300x220.jpg 300w, https:\/\/diarioregionaldigital.com.br\/wp-content\/uploads\/2019\/01\/fotobb-2-e1547160745368-768x562.jpg 768w, https:\/\/diarioregionaldigital.com.br\/wp-content\/uploads\/2019\/01\/fotobb-2-e1547160745368-360x263.jpg 360w\" sizes=\"auto, (max-width: 680px) 100vw, 680px\" \/><p id=\"caption-attachment-130563\" class=\"wp-caption-text\">A elegante Maria Rita Gomes da Rocha comemorando n\u00edver do marido Roberto Luis da Rocha, em BH<\/p><\/div>\n<div id=\"attachment_130564\" style=\"width: 690px\" class=\"wp-caption aligncenter\"><img loading=\"lazy\" decoding=\"async\" aria-describedby=\"caption-attachment-130564\" class=\"wp-image-130564\" src=\"https:\/\/diarioregionaldigital.com.br\/wp-content\/uploads\/2019\/01\/fotocc-e1547160764792.jpg\" alt=\"\" width=\"680\" height=\"514\" srcset=\"https:\/\/diarioregionaldigital.com.br\/wp-content\/uploads\/2019\/01\/fotocc-e1547160764792.jpg 957w, https:\/\/diarioregionaldigital.com.br\/wp-content\/uploads\/2019\/01\/fotocc-e1547160764792-300x227.jpg 300w, https:\/\/diarioregionaldigital.com.br\/wp-content\/uploads\/2019\/01\/fotocc-e1547160764792-768x581.jpg 768w, https:\/\/diarioregionaldigital.com.br\/wp-content\/uploads\/2019\/01\/fotocc-e1547160764792-360x272.jpg 360w\" sizes=\"auto, (max-width: 680px) 100vw, 680px\" \/><p id=\"caption-attachment-130564\" class=\"wp-caption-text\">Curtindo promo\u00e7\u00e3o na by Candy com as propriet\u00e1rias, Eduardo Gomes com Nayara e Nayane Neto<\/p><\/div>\n<div id=\"attachment_130565\" style=\"width: 690px\" class=\"wp-caption aligncenter\"><img loading=\"lazy\" decoding=\"async\" aria-describedby=\"caption-attachment-130565\" class=\"wp-image-130565\" src=\"https:\/\/diarioregionaldigital.com.br\/wp-content\/uploads\/2019\/01\/fotof-5-e1547160793539.jpg\" alt=\"\" width=\"680\" height=\"562\" srcset=\"https:\/\/diarioregionaldigital.com.br\/wp-content\/uploads\/2019\/01\/fotof-5-e1547160793539.jpg 1160w, https:\/\/diarioregionaldigital.com.br\/wp-content\/uploads\/2019\/01\/fotof-5-e1547160793539-300x248.jpg 300w, https:\/\/diarioregionaldigital.com.br\/wp-content\/uploads\/2019\/01\/fotof-5-e1547160793539-768x635.jpg 768w, https:\/\/diarioregionaldigital.com.br\/wp-content\/uploads\/2019\/01\/fotof-5-e1547160793539-1024x847.jpg 1024w, https:\/\/diarioregionaldigital.com.br\/wp-content\/uploads\/2019\/01\/fotof-5-e1547160793539-360x298.jpg 360w\" sizes=\"auto, (max-width: 680px) 100vw, 680px\" \/><p id=\"caption-attachment-130565\" class=\"wp-caption-text\">O Viva Ver\u00e3o do promoter do Privil\u00e8ge, Gui Schr\u00f6der<\/p><\/div>\n<div id=\"attachment_130566\" style=\"width: 690px\" class=\"wp-caption aligncenter\"><img loading=\"lazy\" decoding=\"async\" aria-describedby=\"caption-attachment-130566\" class=\"wp-image-130566\" src=\"https:\/\/diarioregionaldigital.com.br\/wp-content\/uploads\/2019\/01\/fotog-5-e1547160813454.jpg\" alt=\"\" width=\"680\" height=\"589\" srcset=\"https:\/\/diarioregionaldigital.com.br\/wp-content\/uploads\/2019\/01\/fotog-5-e1547160813454.jpg 958w, https:\/\/diarioregionaldigital.com.br\/wp-content\/uploads\/2019\/01\/fotog-5-e1547160813454-300x260.jpg 300w, https:\/\/diarioregionaldigital.com.br\/wp-content\/uploads\/2019\/01\/fotog-5-e1547160813454-768x665.jpg 768w, https:\/\/diarioregionaldigital.com.br\/wp-content\/uploads\/2019\/01\/fotog-5-e1547160813454-360x312.jpg 360w\" sizes=\"auto, (max-width: 680px) 100vw, 680px\" \/><p id=\"caption-attachment-130566\" class=\"wp-caption-text\">Fazendo a linha \u201clindinho da mam\u00e3e\u201d, o arquiteto Lucas Lorhan, abafa no Rio<\/p><\/div>\n<div id=\"attachment_130567\" style=\"width: 690px\" class=\"wp-caption aligncenter\"><img loading=\"lazy\" decoding=\"async\" aria-describedby=\"caption-attachment-130567\" class=\"wp-image-130567\" src=\"https:\/\/diarioregionaldigital.com.br\/wp-content\/uploads\/2019\/01\/fotoh-5-e1547160833841.jpg\" alt=\"\" width=\"680\" height=\"610\" srcset=\"https:\/\/diarioregionaldigital.com.br\/wp-content\/uploads\/2019\/01\/fotoh-5-e1547160833841.jpg 717w, https:\/\/diarioregionaldigital.com.br\/wp-content\/uploads\/2019\/01\/fotoh-5-e1547160833841-300x269.jpg 300w, https:\/\/diarioregionaldigital.com.br\/wp-content\/uploads\/2019\/01\/fotoh-5-e1547160833841-360x323.jpg 360w\" sizes=\"auto, (max-width: 680px) 100vw, 680px\" \/><p id=\"caption-attachment-130567\" class=\"wp-caption-text\">Curtindo as montanhas de Minas, o futuro advogado Nelcimar Siqueira<\/p><\/div>\n<div id=\"attachment_130569\" style=\"width: 690px\" class=\"wp-caption aligncenter\"><img loading=\"lazy\" decoding=\"async\" aria-describedby=\"caption-attachment-130569\" class=\"wp-image-130569\" src=\"https:\/\/diarioregionaldigital.com.br\/wp-content\/uploads\/2019\/01\/fotoj-4-e1547160857304.jpg\" alt=\"\" width=\"680\" height=\"451\" srcset=\"https:\/\/diarioregionaldigital.com.br\/wp-content\/uploads\/2019\/01\/fotoj-4-e1547160857304.jpg 752w, https:\/\/diarioregionaldigital.com.br\/wp-content\/uploads\/2019\/01\/fotoj-4-e1547160857304-300x199.jpg 300w, https:\/\/diarioregionaldigital.com.br\/wp-content\/uploads\/2019\/01\/fotoj-4-e1547160857304-750x499.jpg 750w, https:\/\/diarioregionaldigital.com.br\/wp-content\/uploads\/2019\/01\/fotoj-4-e1547160857304-360x239.jpg 360w\" sizes=\"auto, (max-width: 680px) 100vw, 680px\" \/><p id=\"caption-attachment-130569\" class=\"wp-caption-text\">No ver\u00e3o de Caraguatatuba (SP), as queridas de 3 gera\u00e7\u00f5es Fajardo-Le\u00e3o: Daisy, Aimine, Luisa, Anette e Myrliane<\/p><\/div>\n<div id=\"attachment_130570\" style=\"width: 690px\" class=\"wp-caption aligncenter\"><img loading=\"lazy\" decoding=\"async\" aria-describedby=\"caption-attachment-130570\" class=\"wp-image-130570\" src=\"https:\/\/diarioregionaldigital.com.br\/wp-content\/uploads\/2019\/01\/fotoi-5-e1547160878262.jpg\" alt=\"\" width=\"680\" height=\"428\" srcset=\"https:\/\/diarioregionaldigital.com.br\/wp-content\/uploads\/2019\/01\/fotoi-5-e1547160878262.jpg 4795w, https:\/\/diarioregionaldigital.com.br\/wp-content\/uploads\/2019\/01\/fotoi-5-e1547160878262-300x189.jpg 300w, https:\/\/diarioregionaldigital.com.br\/wp-content\/uploads\/2019\/01\/fotoi-5-e1547160878262-768x484.jpg 768w, https:\/\/diarioregionaldigital.com.br\/wp-content\/uploads\/2019\/01\/fotoi-5-e1547160878262-1024x645.jpg 1024w, https:\/\/diarioregionaldigital.com.br\/wp-content\/uploads\/2019\/01\/fotoi-5-e1547160878262-360x227.jpg 360w\" sizes=\"auto, (max-width: 680px) 100vw, 680px\" \/><p id=\"caption-attachment-130570\" class=\"wp-caption-text\">No Bar do L\u00e9o, os baluartes do Bloco do Pagod\u00e3o e Banda Daki, Marcelo Bello, Edimar Augusto, Renato Saleme, Edna Saleme, Z\u00e9 Kodak, Marcelo Barra e Jesus Silva<\/p><\/div>\n<p style=\"text-align: center;\"><strong>FOTOSS\u00cdNTESE<\/strong><\/p>\n<p>Mulheres lindas, talentosas e empoderadas est\u00e3o aniversariando nesta 6\u00aa feira, 11 de janeiro. As g\u00eameas Sandra e Virginia de Castro Dode e minha sobrinha e afilhada La\u00eds D\u2019\u00c2ngela Gomes da Rocha Azevedo. Parab\u00e9ns.<\/p>\n<p>A Pra\u00e7a do Bairro de Lourdes estremeceu no domingo passado para o Samba na Pra\u00e7a que comemorou o anivers\u00e1rio do querido Mestre Jansen. Dentre muitas presen\u00e7as, estavam l\u00e1: Zez\u00e9 do Pandeiro e Neide Almada, Patr\u00edcia Caniato e Gilberto Peixoto (Telekate), Ivanir e Carlos Alberto Ferreira, Ney Gerald Gouv\u00eaa, Ana Terra, Andr\u00e9a Pereira, Carlos Barbosa, Rosilea de Paula, Fabiano Garcia, Marcio Almeida, Fernando Luis e Cristina Baldioti, M\u00e1rcio Almeida, Beto Souza, Erika Beire e muitos f\u00e3s.<\/p>\n<p>Com o rel\u00f3gio marcando a abertura da casa \u00e0s 22h, no s\u00e1bado, o Rocket recebe a festa Glitter para o lan\u00e7amento do novo clipe baf\u00f4nico de Tiago Capuzzo. Vai bombar.<\/p>\n<p>Talentoso e com repert\u00f3rio afinado, o m\u00fasico Armando Junior (7 Cordas) se apresenta nesta 6\u00aa feira, no happy-hour do Restaurante Pal\u00e1cio, com participa\u00e7\u00e3o de Rodrigo Brand\u00e3o, Moacyr do Cavaco e Maira Delgado na rua Batista de Oliveira.<\/p>\n<p>Em clima de anivers\u00e1rio, Zez\u00e9 do Pandeiro comemora seus 75 anos com a Festa Tarde do Samba, marcada para o dia 20 de janeiro, a partir das 11h, no MHall. No palco, o grupo La\u00e7os de Amizade e v\u00e1rios int\u00e9rpretes locais. Mesas na loja Z\u00e9 Kodak.<\/p>\n<p>Ouvi no elevador: Quem gosta de mulher montada \u00e9 cavalo.<\/p>\n<p>A nova diretoria e Conselho de \u00c9tica da OAB\/JF tomou posse em solenidade no audit\u00f3rio da Avenida dos Andradas.<\/p>\n<p>A estilista Marina Castro esnoba talento com sua Maison de moda na rua S\u00e3o Mateus. A linha feminina para o ver\u00e3o est\u00e1 com padronagens lindas, o colorido seco, rendas e p\u00e9rolas como protagonista. Um show.<\/p>\n<p>De Ub\u00e1 chega not\u00edcia que o Bloco do Le\u00e3o faz concentra\u00e7\u00e3o no dia 16 de fevereiro, no Parque de Exposi\u00e7\u00f5es. Haver\u00e1 mega estrutura, abad\u00e1, caneca, 100% open bar e, pasmem, Alok. Vai bombar geral.<\/p>\n<p>Para saber: Seja voc\u00ea, seja o que quiser. Bom dia.<\/p>\n","protected":false},"excerpt":{"rendered":"<p>Opini\u00e3o Cotas n\u00e3o atenuam as diferen\u00e7as sociais, porque levam alunos despreparados para as universidades. Pior, baixam a qualidade do ensino para todos. Al\u00e9m de promo\u00e7\u00e3o e inova\u00e7\u00e3o social, universidade \u00e9 tamb\u00e9m lugar de formar bons profissionais. A base deve vir se formando desde a pr\u00e9-escola, e, sem ela, \u00e9 dinheiro posto fora. D\u00edvida social se [&hellip;]<\/p>\n","protected":false},"author":96,"featured_media":130560,"comment_status":"closed","ping_status":"closed","sticky":false,"template":"","format":"standard","meta":{"footnotes":""},"categories":[264],"tags":[],"class_list":["post-130611","post","type-post","status-publish","format-standard","has-post-thumbnail","hentry","category-eduardo-gomes"],"_links":{"self":[{"href":"https:\/\/diarioregionaldigital.com.br\/index.php?rest_route=\/wp\/v2\/posts\/130611","targetHints":{"allow":["GET"]}}],"collection":[{"href":"https:\/\/diarioregionaldigital.com.br\/index.php?rest_route=\/wp\/v2\/posts"}],"about":[{"href":"https:\/\/diarioregionaldigital.com.br\/index.php?rest_route=\/wp\/v2\/types\/post"}],"author":[{"embeddable":true,"href":"https:\/\/diarioregionaldigital.com.br\/index.php?rest_route=\/wp\/v2\/users\/96"}],"replies":[{"embeddable":true,"href":"https:\/\/diarioregionaldigital.com.br\/index.php?rest_route=%2Fwp%2Fv2%2Fcomments&post=130611"}],"version-history":[{"count":0,"href":"https:\/\/diarioregionaldigital.com.br\/index.php?rest_route=\/wp\/v2\/posts\/130611\/revisions"}],"wp:featuredmedia":[{"embeddable":true,"href":"https:\/\/diarioregionaldigital.com.br\/index.php?rest_route=\/wp\/v2\/media\/130560"}],"wp:attachment":[{"href":"https:\/\/diarioregionaldigital.com.br\/index.php?rest_route=%2Fwp%2Fv2%2Fmedia&parent=130611"}],"wp:term":[{"taxonomy":"category","embeddable":true,"href":"https:\/\/diarioregionaldigital.com.br\/index.php?rest_route=%2Fwp%2Fv2%2Fcategories&post=130611"},{"taxonomy":"post_tag","embeddable":true,"href":"https:\/\/diarioregionaldigital.com.br\/index.php?rest_route=%2Fwp%2Fv2%2Ftags&post=130611"}],"curies":[{"name":"wp","href":"https:\/\/api.w.org\/{rel}","templated":true}]}}