{"id":130604,"date":"2019-01-10T20:30:54","date_gmt":"2019-01-10T22:30:54","guid":{"rendered":"https:\/\/diarioregionaldigital.com.br\/?p=130604"},"modified":"2019-01-10T20:30:54","modified_gmt":"2019-01-10T22:30:54","slug":"mulher-e-encontrada-morta-no-bairro-vila-alpina","status":"publish","type":"post","link":"https:\/\/diarioregionaldigital.com.br\/?p=130604","title":{"rendered":"Mulher \u00e9 encontrada morta no bairro Vila Alpina"},"content":{"rendered":"<p>Nessa quinta-feira, 10, o corpo de uma mulher, 48 anos, foi encontrado na rua Eurico Viana, no bairro Vila Alpina, na zona Leste de Juiz de Fora.<\/p>\n<p>De acordo com a Pol\u00edcia Militar, a v\u00edtima foi encontrada ca\u00edda no ch\u00e3o de um estacionamento pr\u00f3ximo \u00e0 um matagal e com diversas pedras ao redor. A mulher apresentava diversa les\u00f5es.<\/p>\n<p>Segundo relato de testemunhas \u00e0 PM, a v\u00edtima teria sido empurrada de um barranco e apedrejada por um menor ap\u00f3s desentendimentos entre eles Os dois teriam liga\u00e7\u00e3o por conta de drogas, uma vez que o adolescente fornecia entorpecentes para a mulher.<\/p>\n<p>Ainda segundo a PM, na \u00faltima ter\u00e7a-feira, 8, a v\u00edtima registrou uma ocorr\u00eancia ap\u00f3s ter sido agredida pelo jovem. O motivo da confus\u00e3o seria o fato dela adquirir drogas com o autor ent\u00e3o realizar o pagamento dos produtos.<\/p>\n<p>Os policias militares foram at\u00e9 a casa do suspeito e conseguiram encontr\u00e1-lo. Al\u00e9m de prender o adolescente em flagrante, a PM apreendeu uma arma de fogo.<\/p>\n","protected":false},"excerpt":{"rendered":"<p>Nessa quinta-feira, 10, o corpo de uma mulher, 48 anos, foi encontrado na rua Eurico Viana, no bairro Vila Alpina, na zona Leste de Juiz de Fora. De acordo com a Pol\u00edcia Militar, a v\u00edtima foi encontrada ca\u00edda no ch\u00e3o de um estacionamento pr\u00f3ximo \u00e0 um matagal e com diversas pedras ao redor. A mulher [&hellip;]<\/p>\n","protected":false},"author":96,"featured_media":97342,"comment_status":"closed","ping_status":"closed","sticky":false,"template":"","format":"standard","meta":{"footnotes":""},"categories":[301],"tags":[],"class_list":["post-130604","post","type-post","status-publish","format-standard","has-post-thumbnail","hentry","category-artigos-policiais"],"_links":{"self":[{"href":"https:\/\/diarioregionaldigital.com.br\/index.php?rest_route=\/wp\/v2\/posts\/130604","targetHints":{"allow":["GET"]}}],"collection":[{"href":"https:\/\/diarioregionaldigital.com.br\/index.php?rest_route=\/wp\/v2\/posts"}],"about":[{"href":"https:\/\/diarioregionaldigital.com.br\/index.php?rest_route=\/wp\/v2\/types\/post"}],"author":[{"embeddable":true,"href":"https:\/\/diarioregionaldigital.com.br\/index.php?rest_route=\/wp\/v2\/users\/96"}],"replies":[{"embeddable":true,"href":"https:\/\/diarioregionaldigital.com.br\/index.php?rest_route=%2Fwp%2Fv2%2Fcomments&post=130604"}],"version-history":[{"count":0,"href":"https:\/\/diarioregionaldigital.com.br\/index.php?rest_route=\/wp\/v2\/posts\/130604\/revisions"}],"wp:featuredmedia":[{"embeddable":true,"href":"https:\/\/diarioregionaldigital.com.br\/index.php?rest_route=\/wp\/v2\/media\/97342"}],"wp:attachment":[{"href":"https:\/\/diarioregionaldigital.com.br\/index.php?rest_route=%2Fwp%2Fv2%2Fmedia&parent=130604"}],"wp:term":[{"taxonomy":"category","embeddable":true,"href":"https:\/\/diarioregionaldigital.com.br\/index.php?rest_route=%2Fwp%2Fv2%2Fcategories&post=130604"},{"taxonomy":"post_tag","embeddable":true,"href":"https:\/\/diarioregionaldigital.com.br\/index.php?rest_route=%2Fwp%2Fv2%2Ftags&post=130604"}],"curies":[{"name":"wp","href":"https:\/\/api.w.org\/{rel}","templated":true}]}}