{"id":130594,"date":"2019-01-14T09:37:59","date_gmt":"2019-01-14T11:37:59","guid":{"rendered":"https:\/\/diarioregionaldigital.com.br\/?p=130594"},"modified":"2019-01-14T09:38:42","modified_gmt":"2019-01-14T11:38:42","slug":"despesas-de-inicio-de-ano-pesam-no-bolso-dos-brasileiros","status":"publish","type":"post","link":"https:\/\/diarioregionaldigital.com.br\/?p=130594","title":{"rendered":"Despesas de in\u00edcio de ano pesam no bolso dos brasileiros"},"content":{"rendered":"<p>O ano mal come\u00e7ou e n\u00f3s j\u00e1 temos que preocupar com as despesas como IPTU, IPVA, material escolar, matr\u00edculas de col\u00e9gios, e em alguns casos, at\u00e9 contas do ano anterior.<\/p>\n<p>Segundo uma pesquisa realizada pela Confedera\u00e7\u00e3o Nacional de Dirigentes Lojistas (CNDL) e pelo Servi\u00e7o de Prote\u00e7\u00e3o ao Cr\u00e9dito (SPC Brasil), apenas 9% dos brasileiros dizem que t\u00eam condi\u00e7\u00f5es de pagar as despesas sazonais do in\u00edcio do ano com o pr\u00f3prio rendimento.<\/p>\n<p>O empres\u00e1rio Marco Aur\u00e9lio Morais \u00e9 um dos brasileiros que iniciou o ano preparado para arcar com essas despesas. Ele conta que por ser empres\u00e1rio, n\u00e3o \u00e9 poss\u00edvel contar com um valor certo de sal\u00e1rio, e explica como se prepara para este per\u00edodo do ano. \u201cPelos menos nos \u00faltimos 4 meses procuro estar guardando o dinheiro na poupan\u00e7a para estar ajudando nas despesas de in\u00edcio de ano, tento guardar uma m\u00e9dia de R$500,00, para n\u00e3o precisar passar aperto no in\u00edcio de ano\u201d.<\/p>\n<p>Para o economista, Jos\u00e9 Jamil Adum, as pessoas deveriam ter o h\u00e1bito de criar um planejamento financeiro durante o ano, \u201co ideal \u00e9 fazer um levantamento de gastos, para que as pessoas possam entender onde est\u00e3o suas maiores despesas, e assim equilibrar junto a sua renda mensal\u201d, e podendo criar uma reserva mensal para futuras despesas. Jamil Adum explica que para fazer o planejamento de gastos \u00e9 necess\u00e1rio fazer um hist\u00f3rico de gastos dos \u00faltimos doze meses, colocando no papel todas as despesas realizadas.Assim ser\u00e1 poss\u00edvel criar uma base de gastos a serem provisionados e sendo poss\u00edvel entender qual a reserva ideal para despesas futuras.<\/p>\n","protected":false},"excerpt":{"rendered":"<p>O ano mal come\u00e7ou e n\u00f3s j\u00e1 temos que preocupar com as despesas como IPTU, IPVA, material escolar, matr\u00edculas de col\u00e9gios, e em alguns casos, at\u00e9 contas do ano anterior. Segundo uma pesquisa realizada pela Confedera\u00e7\u00e3o Nacional de Dirigentes Lojistas (CNDL) e pelo Servi\u00e7o de Prote\u00e7\u00e3o ao Cr\u00e9dito (SPC Brasil), apenas 9% dos brasileiros dizem [&hellip;]<\/p>\n","protected":false},"author":96,"featured_media":130596,"comment_status":"closed","ping_status":"closed","sticky":false,"template":"","format":"standard","meta":{"footnotes":""},"categories":[436,440,261,439],"tags":[],"class_list":["post-130594","post","type-post","status-publish","format-standard","has-post-thumbnail","hentry","category-destaque-da-semana","category-destaques-do-dia","category-economia","category-ultima-hora"],"_links":{"self":[{"href":"https:\/\/diarioregionaldigital.com.br\/index.php?rest_route=\/wp\/v2\/posts\/130594","targetHints":{"allow":["GET"]}}],"collection":[{"href":"https:\/\/diarioregionaldigital.com.br\/index.php?rest_route=\/wp\/v2\/posts"}],"about":[{"href":"https:\/\/diarioregionaldigital.com.br\/index.php?rest_route=\/wp\/v2\/types\/post"}],"author":[{"embeddable":true,"href":"https:\/\/diarioregionaldigital.com.br\/index.php?rest_route=\/wp\/v2\/users\/96"}],"replies":[{"embeddable":true,"href":"https:\/\/diarioregionaldigital.com.br\/index.php?rest_route=%2Fwp%2Fv2%2Fcomments&post=130594"}],"version-history":[{"count":0,"href":"https:\/\/diarioregionaldigital.com.br\/index.php?rest_route=\/wp\/v2\/posts\/130594\/revisions"}],"wp:featuredmedia":[{"embeddable":true,"href":"https:\/\/diarioregionaldigital.com.br\/index.php?rest_route=\/wp\/v2\/media\/130596"}],"wp:attachment":[{"href":"https:\/\/diarioregionaldigital.com.br\/index.php?rest_route=%2Fwp%2Fv2%2Fmedia&parent=130594"}],"wp:term":[{"taxonomy":"category","embeddable":true,"href":"https:\/\/diarioregionaldigital.com.br\/index.php?rest_route=%2Fwp%2Fv2%2Fcategories&post=130594"},{"taxonomy":"post_tag","embeddable":true,"href":"https:\/\/diarioregionaldigital.com.br\/index.php?rest_route=%2Fwp%2Fv2%2Ftags&post=130594"}],"curies":[{"name":"wp","href":"https:\/\/api.w.org\/{rel}","templated":true}]}}