{"id":130584,"date":"2019-01-10T19:22:18","date_gmt":"2019-01-10T21:22:18","guid":{"rendered":"https:\/\/diarioregionaldigital.com.br\/?p=130584"},"modified":"2019-01-10T20:24:42","modified_gmt":"2019-01-10T22:24:42","slug":"policia-civil-divulga-informacoes-sobre-dois-crimes-de-homicidios-ocorridos-em-dezembro","status":"publish","type":"post","link":"https:\/\/diarioregionaldigital.com.br\/?p=130584","title":{"rendered":"Pol\u00edcia Civil divulga informa\u00e7\u00f5es sobre dois crimes de homic\u00eddios ocorridos em dezembro"},"content":{"rendered":"<p>Por volta de 13h30 do dia 21 de dezembro, uma mulher, 27 anos, foi morta no bairro Juscelino Kubitschek, regi\u00e3o Sudeste de Juiz de Fora. O suspeito do crime \u00e9 um jovem de 18 anos.<\/p>\n<p>De acordo com as informa\u00e7\u00f5es do titular da Delegacia Especializada de Homic\u00eddios, delegado Rodrigo Rolli, a v\u00edtima estava sentada em frente a casa quando foi surpreendida pelo autor, que estava de posse de uma arma, e efetuou disparos conta ela. Em seguida, ele fugiu e recebeu aux\u00edlio de um co-autor do crime, 21 anos, que estava alguns metros \u00e0 frente em um gol preto. \u201cA equipe de investigadores foi a campo logo depois do dia do crime e trouxeram v\u00e1rias informa\u00e7\u00f5es.Testemunhas veladas foram trazidas \u00e0Delegacia, al\u00e9m de testemunhas do local do crime, que identificaram os dois autores. Ambos s\u00e3o moradores da regi\u00e3o Sudeste\u201d, explicou o delegado. Ap\u00f3s as dilig\u00eancias, os policiais civis conseguiram identificar o ve\u00edculo e passaram a monitor\u00e1-lo.<\/p>\n<p>&nbsp;<\/p>\n<div id=\"attachment_130587\" style=\"width: 558px\" class=\"wp-caption aligncenter\"><img loading=\"lazy\" decoding=\"async\" aria-describedby=\"caption-attachment-130587\" class=\"wp-image-130587\" style=\"color: #333333; font-size: 16px; line-height: 1.5;\" src=\"https:\/\/diarioregionaldigital.com.br\/wp-content\/uploads\/2019\/01\/RAFAELA-FRUTUOSO-usar-essa-1-3-300x200.jpg\" alt=\"\" width=\"548\" height=\"365\" srcset=\"https:\/\/diarioregionaldigital.com.br\/wp-content\/uploads\/2019\/01\/RAFAELA-FRUTUOSO-usar-essa-1-3-300x200.jpg 300w, https:\/\/diarioregionaldigital.com.br\/wp-content\/uploads\/2019\/01\/RAFAELA-FRUTUOSO-usar-essa-1-3-768x512.jpg 768w, https:\/\/diarioregionaldigital.com.br\/wp-content\/uploads\/2019\/01\/RAFAELA-FRUTUOSO-usar-essa-1-3-1024x683.jpg 1024w, https:\/\/diarioregionaldigital.com.br\/wp-content\/uploads\/2019\/01\/RAFAELA-FRUTUOSO-usar-essa-1-3-360x240.jpg 360w\" sizes=\"auto, (max-width: 548px) 100vw, 548px\" \/><p id=\"caption-attachment-130587\" class=\"wp-caption-text\">Foto: Rafaela Frutuoso.<\/p><\/div>\n<p>&nbsp;<\/p>\n<p>A pol\u00edcia ainda vai apurar para saber de qual arma foi feito o disparo. Rolli explicou que o ve\u00edculo utilizado pelos autores envolvidos no crime foi furtado um dia antes do ocorrido. O carro estava sendo utilizado com uma placa tamb\u00e9m furtada pelo autor dos disparos. \u201cPercebe-se que os autores adulteram o ve\u00edculo com o objetivo de praticar o homic\u00eddio em si e dificultar as investiga\u00e7\u00f5es. A equipe de investigadores conseguiu elucidar esse fato\u201d, disse. Ap\u00f3s o crime, o autor continuou utilizando o ve\u00edculo.Atrav\u00e9s de imagens apuradas pela equipe de investigadores da Delegacia Especializada de Homic\u00eddios, \u00e9 poss\u00edvel identificar o autor utilizando o carro em um dos shoppings de Juiz de Fora. \u201cA equipe monitorou esse ve\u00edculo por v\u00e1rios dias e conseguimos imagens que mostram o autor adentrando, em dias diferenciados, no shopping juntamente com a fam\u00edlia. O ve\u00edculo ainda com a placa adulterada que foi furtada dentro desse mesmo shopping. As imagens demonstram que ele praticara outros crimes como furto de ve\u00edculo e a adultera\u00e7\u00e3o de sinais identificadores de ve\u00edculo. Outros dois crimes al\u00e9m do homic\u00eddio\u201d, explica.<\/p>\n<p>&nbsp;<\/p>\n<div style=\"width: 560px;\" class=\"wp-video\"><!--[if lt IE 9]><script>document.createElement('video');<\/script><![endif]-->\n<video class=\"wp-video-shortcode\" id=\"video-130584-1\" width=\"560\" height=\"320\" preload=\"metadata\" controls=\"controls\"><source type=\"video\/mp4\" src=\"https:\/\/diarioregionaldigital.com.br\/wp-content\/uploads\/2019\/01\/video-1547155216.mp4?_=1\" \/><a href=\"https:\/\/diarioregionaldigital.com.br\/wp-content\/uploads\/2019\/01\/video-1547155216.mp4\">https:\/\/diarioregionaldigital.com.br\/wp-content\/uploads\/2019\/01\/video-1547155216.mp4<\/a><\/video><\/div>\n<p>&nbsp;<\/p>\n<p>Na \u00faltima segunda-feira, 7, a Pol\u00edcia Militar conseguiu efetuar a pris\u00e3o do autor dos disparos. \u201cAtrav\u00e9s de informa\u00e7\u00f5es foi poss\u00edvel chegar a duas pistolas 380 que estavam em poder do autor e apreend\u00ea-las. As armas est\u00e3o ligadas ao crime\u201d, explica Rolli. As armas encontradas est\u00e3o apreendidas e s\u00e3o de origem particular. Uma das armas pertence a um policial militar e foi furtada no dia 30 de setembro de 2011 de dentro do ve\u00edculo do policial. A outra pertence a um ex-agente penitenci\u00e1rio que est\u00e1 preso desde 2017 ap\u00f3s uma a\u00e7\u00e3o realizada em Juiz de Fora pelo Grupo Especial de Combate ao Crime Organizado (Gaeco), pela Pol\u00edcia Militar e do Sistema Prisional.Ele foi condenado, no \u00faltimo dia 3 de dezembro, a 21 anos de pris\u00e3o. O delegado ainda disse que o ex-agente penitenci\u00e1rio informou que a arma, a princ\u00edpio, estaria em reparos.\u201cN\u00e3o h\u00e1 identifica\u00e7\u00e3o de qual fora a justificativa dele para essa arma estar em seu poder.Encontramos, infelizmente, com a criminalidade\u201d, comenta. Rolli ainda informou que o autor confessou o crime. \u201cAp\u00f3s a pris\u00e3o do autor n\u00f3s conseguimos ouvi-lo e ele confessa a pr\u00e1tica do crime alegando uma desaven\u00e7a pessoal. Contudo, a nossa investiga\u00e7\u00e3o leva ao tr\u00e1fico de drogas, uma vez que a v\u00edtima j\u00e1 tinha envolvimento e n\u00f3s sabemos do envolvimento do autor em outras situa\u00e7\u00f5es na regi\u00e3o\u201d, disse.<\/p>\n<p>O autor est\u00e1 preso desde o dia 7. O co-autor do crime foi indiciado. O inqu\u00e9rito est\u00e1 em andamento. A Pol\u00edcia Civil suspeita que mais pessoas estejam envolvidas.<\/p>\n<p>&nbsp;<\/p>\n<p><strong>HOMIC\u00cdDIO OCORRIDO NA NOITE DE NATAL<\/strong><\/p>\n<p>Al\u00e9m do caso ocorrido no bairro Juscelino Kubitschek, a Pol\u00edcia Civil tamb\u00e9m esclareceu detalhes sobre o homic\u00eddio que ocorreu no \u00faltimo dia 25 de dezembro. O crime que resultou na morte de D.S.R., 35 anos, aconteceu por volta de 1h30, no bairro Granjas Bet\u00e2nia, regi\u00e3o Nordeste de Juiz de Fora.<\/p>\n<p>De acordo com as informa\u00e7\u00f5es apresentadas, o suspeito do crime \u00e9 um colega da v\u00edtima, 18 anos, e foi reconhecido por testemunhas. Eles eram conhecidos h\u00e1, pelo menos, quatro anos, como aponta as investiga\u00e7\u00f5es. Em depoimento, explicou Rolli, o suspeito confessa o crime e alega que a morte da v\u00edtima ocorreu ap\u00f3s uma \u201cdesaven\u00e7a moment\u00e2nea\u201d, ap\u00f3s o autor ser agredido e revidar.<\/p>\n<p>As apura\u00e7\u00f5es da Delegacia Especializada de Homic\u00eddios apontam que o crime teria ocorrido ap\u00f3s desentendimento em rela\u00e7\u00e3o ao uso de drogas e, posteriormente, D.S.R.foi esfaqueado. A arma do crime n\u00e3o foi identificada e o autor segue em liberdade. O delegado Rodrigo Rolli explica que n\u00e3o foi pedido a pris\u00e3o do autor por n\u00e3o haver envolvimento com criminalidade secund\u00e1ria. \u201cN\u00e3o existe qualquer envolvimento com criminalidade secund\u00e1ria em torno do crime. \u00c9 um fato isolado, moment\u00e2neo, uma desaven\u00e7a pessoal entre eles. Eram at\u00e9 conhecidos h\u00e1 mais de quatro anos.Por n\u00e3o estar ligado a criminalidade, ao tr\u00e1fico ou a qualquer outro tipo de crime que gerou o homic\u00eddio, e tamb\u00e9m por ele n\u00e3o ter antecedentes, a gente n\u00e3o v\u00ea a necessidade de pris\u00e3o neste primeiro momento. Se o judici\u00e1rio posteriormente decidir, iremos cumprir o mandado contra ele\u201d, explica o titular da Delegacia.<\/p>\n<p style=\"text-align: left;\">Agora, Pol\u00edcia Civil dever\u00e1 encaminhar \u00e0 Justi\u00e7a o inqu\u00e9rito. O autor ser\u00e1 indiciado por homic\u00eddio qualificado, por motivo f\u00fatil e por dificultar a resist\u00eancia da v\u00edtima.<\/p>\n","protected":false},"excerpt":{"rendered":"<p>Por volta de 13h30 do dia 21 de dezembro, uma mulher, 27 anos, foi morta no bairro Juscelino Kubitschek, regi\u00e3o Sudeste de Juiz de Fora. O suspeito do crime \u00e9 um jovem de 18 anos. De acordo com as informa\u00e7\u00f5es do titular da Delegacia Especializada de Homic\u00eddios, delegado Rodrigo Rolli, a v\u00edtima estava sentada em [&hellip;]<\/p>\n","protected":false},"author":96,"featured_media":130585,"comment_status":"closed","ping_status":"closed","sticky":false,"template":"","format":"standard","meta":{"footnotes":""},"categories":[253,436,440,439],"tags":[],"class_list":["post-130584","post","type-post","status-publish","format-standard","has-post-thumbnail","hentry","category-cidade","category-destaque-da-semana","category-destaques-do-dia","category-ultima-hora"],"_links":{"self":[{"href":"https:\/\/diarioregionaldigital.com.br\/index.php?rest_route=\/wp\/v2\/posts\/130584","targetHints":{"allow":["GET"]}}],"collection":[{"href":"https:\/\/diarioregionaldigital.com.br\/index.php?rest_route=\/wp\/v2\/posts"}],"about":[{"href":"https:\/\/diarioregionaldigital.com.br\/index.php?rest_route=\/wp\/v2\/types\/post"}],"author":[{"embeddable":true,"href":"https:\/\/diarioregionaldigital.com.br\/index.php?rest_route=\/wp\/v2\/users\/96"}],"replies":[{"embeddable":true,"href":"https:\/\/diarioregionaldigital.com.br\/index.php?rest_route=%2Fwp%2Fv2%2Fcomments&post=130584"}],"version-history":[{"count":0,"href":"https:\/\/diarioregionaldigital.com.br\/index.php?rest_route=\/wp\/v2\/posts\/130584\/revisions"}],"wp:featuredmedia":[{"embeddable":true,"href":"https:\/\/diarioregionaldigital.com.br\/index.php?rest_route=\/wp\/v2\/media\/130585"}],"wp:attachment":[{"href":"https:\/\/diarioregionaldigital.com.br\/index.php?rest_route=%2Fwp%2Fv2%2Fmedia&parent=130584"}],"wp:term":[{"taxonomy":"category","embeddable":true,"href":"https:\/\/diarioregionaldigital.com.br\/index.php?rest_route=%2Fwp%2Fv2%2Fcategories&post=130584"},{"taxonomy":"post_tag","embeddable":true,"href":"https:\/\/diarioregionaldigital.com.br\/index.php?rest_route=%2Fwp%2Fv2%2Ftags&post=130584"}],"curies":[{"name":"wp","href":"https:\/\/api.w.org\/{rel}","templated":true}]}}