{"id":130575,"date":"2019-01-10T17:57:56","date_gmt":"2019-01-10T19:57:56","guid":{"rendered":"https:\/\/diarioregionaldigital.com.br\/?p=130575"},"modified":"2019-01-10T17:57:56","modified_gmt":"2019-01-10T19:57:56","slug":"grupo-anjos-da-misericordia-promove-campanha-para-arrecadar-materiais-escolares-para-familias-carentes","status":"publish","type":"post","link":"https:\/\/diarioregionaldigital.com.br\/?p=130575","title":{"rendered":"Grupo Anjos da Miseric\u00f3rdia promove campanha para arrecadar materiais escolares para fam\u00edlias carentes"},"content":{"rendered":"<p>Desde 2016 o grupo Anjos da Miseric\u00f3rdia, pertencente a Catedral Metropolitana, realiza arrecada\u00e7\u00e3o de materiais escolares. Este ano a pretens\u00e3o \u00e9 colaborar com 200 crian\u00e7as, sendo prioridade as fam\u00edlias assistidas pelo projeto SOS crist\u00e3os, tamb\u00e9m da Catedral, e venezuelanos presentes na cidade.<\/p>\n<p>Segundo uma das integrantes do grupo, Aline Zaquine, o Anjos da Miseric\u00f3rdia \u201csurgiu da mo\u00e7\u00e3o de Deus para fazer mais pelo o pr\u00f3ximo, atrav\u00e9s de gestos concretos\u201d. Por ser professora, Aline j\u00e1 presenciou momentos em que alunos n\u00e3o podiam levar nenhum objeto \u00e0 escola, assim, ela foi a surgiu essa campanha.<\/p>\n<p>No primeiro ano arrecadaram o suficiente para ajudar 200 crian\u00e7as. No segundo, cerca de 300 crian\u00e7as e algumas institui\u00e7\u00f5es de caridade. Em 2018, foram cerca de 350 crian\u00e7as. Aline conta que infelizmente at\u00e9 agora as doa\u00e7\u00f5es foram poucas. No entanto, eles est\u00e3o contando, mais uma vez, com a a\u00e7\u00e3o e a miseric\u00f3rdia de Deus.<\/p>\n<p>\u00c9 poss\u00edvel contribuir com qualquer tipo de material, principalmente, caderno brochura grande, l\u00e1pis, l\u00e1pis de cor e canetinhas hidrocor. A coleta acontece at\u00e9 dia 31 de janeiro. As doa\u00e7\u00f5es podem ser deixadas na recep\u00e7\u00e3o da Catedral, de segunda a sexta-feira, das 7h \u00e0s 21h e no domingo das 08h \u00e0s 11h ou das 15h \u00e0s 20h. A recep\u00e7\u00e3o da Catedral fica na Rua Santo Ant\u00f4nio, 1201 \u2013 Centro.<\/p>\n<p>Fonte: Arquidiocese de Juiz de Fora<\/p>\n","protected":false},"excerpt":{"rendered":"<p>Desde 2016 o grupo Anjos da Miseric\u00f3rdia, pertencente a Catedral Metropolitana, realiza arrecada\u00e7\u00e3o de materiais escolares. Este ano a pretens\u00e3o \u00e9 colaborar com 200 crian\u00e7as, sendo prioridade as fam\u00edlias assistidas pelo projeto SOS crist\u00e3os, tamb\u00e9m da Catedral, e venezuelanos presentes na cidade. Segundo uma das integrantes do grupo, Aline Zaquine, o Anjos da Miseric\u00f3rdia \u201csurgiu [&hellip;]<\/p>\n","protected":false},"author":96,"featured_media":130576,"comment_status":"closed","ping_status":"closed","sticky":false,"template":"","format":"standard","meta":{"footnotes":""},"categories":[253,436,262,439],"tags":[],"class_list":["post-130575","post","type-post","status-publish","format-standard","has-post-thumbnail","hentry","category-cidade","category-destaque-da-semana","category-noticias","category-ultima-hora"],"_links":{"self":[{"href":"https:\/\/diarioregionaldigital.com.br\/index.php?rest_route=\/wp\/v2\/posts\/130575","targetHints":{"allow":["GET"]}}],"collection":[{"href":"https:\/\/diarioregionaldigital.com.br\/index.php?rest_route=\/wp\/v2\/posts"}],"about":[{"href":"https:\/\/diarioregionaldigital.com.br\/index.php?rest_route=\/wp\/v2\/types\/post"}],"author":[{"embeddable":true,"href":"https:\/\/diarioregionaldigital.com.br\/index.php?rest_route=\/wp\/v2\/users\/96"}],"replies":[{"embeddable":true,"href":"https:\/\/diarioregionaldigital.com.br\/index.php?rest_route=%2Fwp%2Fv2%2Fcomments&post=130575"}],"version-history":[{"count":0,"href":"https:\/\/diarioregionaldigital.com.br\/index.php?rest_route=\/wp\/v2\/posts\/130575\/revisions"}],"wp:featuredmedia":[{"embeddable":true,"href":"https:\/\/diarioregionaldigital.com.br\/index.php?rest_route=\/wp\/v2\/media\/130576"}],"wp:attachment":[{"href":"https:\/\/diarioregionaldigital.com.br\/index.php?rest_route=%2Fwp%2Fv2%2Fmedia&parent=130575"}],"wp:term":[{"taxonomy":"category","embeddable":true,"href":"https:\/\/diarioregionaldigital.com.br\/index.php?rest_route=%2Fwp%2Fv2%2Fcategories&post=130575"},{"taxonomy":"post_tag","embeddable":true,"href":"https:\/\/diarioregionaldigital.com.br\/index.php?rest_route=%2Fwp%2Fv2%2Ftags&post=130575"}],"curies":[{"name":"wp","href":"https:\/\/api.w.org\/{rel}","templated":true}]}}