{"id":130559,"date":"2019-01-10T17:37:06","date_gmt":"2019-01-10T19:37:06","guid":{"rendered":"https:\/\/diarioregionaldigital.com.br\/?p=130559"},"modified":"2019-01-10T17:37:06","modified_gmt":"2019-01-10T19:37:06","slug":"engenharia-oferece-curso-gratuito-visando-a-capacitar-profissionais-do-setor-eletrico","status":"publish","type":"post","link":"https:\/\/diarioregionaldigital.com.br\/?p=130559","title":{"rendered":"Engenharia oferece curso gratuito visando a capacitar profissionais do setor el\u00e9trico"},"content":{"rendered":"<p>Com o objetivo de oferecer uma oportunidade de capacita\u00e7\u00e3o profissional para pessoas em situa\u00e7\u00e3o de vulnerabilidade econ\u00f4mica, a Faculdade de Engenharia El\u00e9trica da Universidade Federal de Juiz de Fora (UFJF) oferece curso para quem j\u00e1 possui algum conhecimento na \u00e1rea da eletricidade (t\u00e9cnicos e engenheiros). A capacita\u00e7\u00e3o permite projetar sistemas solares fotovoltaicos de pequeno porte (microgera\u00e7\u00e3o) em resid\u00eancias, com\u00e9rcio ou ind\u00fastria, possibilitando aos profissionais se adequarem ao mercado de trabalho. As\u00a0<a href=\"https:\/\/docs.google.com\/forms\/d\/e\/1FAIpQLSf-_w2uX9b1hLmvnOBXADXfVVX2QPrFMEa8E2uF25BMpyKkSQ\/viewform\" target=\"_blank\" rel=\"noopener\">inscri\u00e7\u00f5es<\/a>\u00a0est\u00e3o abertas at\u00e9 o pr\u00f3ximo dia 20. O curso \u00e9 gratuito, oferece 25 vagas e certificado.<\/p>\n<p>O curso \u00e9 oferecido desde 2015 quando o interesse sobre energia solar se evidenciou. De acordo com o coordenador do projeto, Andr\u00e9 Augusto Ferreira, atualmente, al\u00e9m do interessado aprender a fazer o dimensionamento do sistema solar fotovoltaico, se habilitam em diagnosticar se \u00e9 v\u00e1lido investir nessa gera\u00e7\u00e3o. \u201cNos primeiros cursos ministrados, nos preocupamos em mostrar como funciona o sistema e como \u00e9 que ele se torna rent\u00e1vel financeiramente. Nesse projeto atual n\u00f3s estamos tentando ir al\u00e9m da capacita\u00e7\u00e3o t\u00e9cnica de pessoas. Percebemos que tamb\u00e9m precisamos fomentar o investimento nesse sistema, mostrar que \u00e9 realmente rent\u00e1vel financeiramente e dentro dos quesitos de sustentabilidade\u201d.<\/p>\n<p>O curso ter\u00e1 carga hor\u00e1ria de 20 horas entre os dias 11 e 22 de fevereiro, das 17h \u00e0s 19h. As aulas acontecem na faculdade de Engenharia El\u00e9trica e ser\u00e3o ministradas por alunos previamente capacitados. Um dos bolsistas envolvidos no projeto, Hyago Pal\u00e1cio, destaca a import\u00e2ncia da participa\u00e7\u00e3o. \u201cO curso \u00e9 muito importante para auxiliar pessoas que est\u00e3o em vulnerabilidade econ\u00f4mica a se\u00a0inserir no mercado de trabalho e para proporcionar um incentivo financeiro e pessoal atrav\u00e9s do curso, al\u00e9m de ser uma \u00e1rea que est\u00e1 em crescimento e necessita de profissionais qualificados\u201d.<\/p>\n<p>Fonte: UFJF<\/p>\n","protected":false},"excerpt":{"rendered":"<p>Com o objetivo de oferecer uma oportunidade de capacita\u00e7\u00e3o profissional para pessoas em situa\u00e7\u00e3o de vulnerabilidade econ\u00f4mica, a Faculdade de Engenharia El\u00e9trica da Universidade Federal de Juiz de Fora (UFJF) oferece curso para quem j\u00e1 possui algum conhecimento na \u00e1rea da eletricidade (t\u00e9cnicos e engenheiros). A capacita\u00e7\u00e3o permite projetar sistemas solares fotovoltaicos de pequeno porte [&hellip;]<\/p>\n","protected":false},"author":96,"featured_media":130571,"comment_status":"closed","ping_status":"closed","sticky":false,"template":"","format":"standard","meta":{"footnotes":""},"categories":[253,436,262,439],"tags":[],"class_list":["post-130559","post","type-post","status-publish","format-standard","has-post-thumbnail","hentry","category-cidade","category-destaque-da-semana","category-noticias","category-ultima-hora"],"_links":{"self":[{"href":"https:\/\/diarioregionaldigital.com.br\/index.php?rest_route=\/wp\/v2\/posts\/130559","targetHints":{"allow":["GET"]}}],"collection":[{"href":"https:\/\/diarioregionaldigital.com.br\/index.php?rest_route=\/wp\/v2\/posts"}],"about":[{"href":"https:\/\/diarioregionaldigital.com.br\/index.php?rest_route=\/wp\/v2\/types\/post"}],"author":[{"embeddable":true,"href":"https:\/\/diarioregionaldigital.com.br\/index.php?rest_route=\/wp\/v2\/users\/96"}],"replies":[{"embeddable":true,"href":"https:\/\/diarioregionaldigital.com.br\/index.php?rest_route=%2Fwp%2Fv2%2Fcomments&post=130559"}],"version-history":[{"count":0,"href":"https:\/\/diarioregionaldigital.com.br\/index.php?rest_route=\/wp\/v2\/posts\/130559\/revisions"}],"wp:featuredmedia":[{"embeddable":true,"href":"https:\/\/diarioregionaldigital.com.br\/index.php?rest_route=\/wp\/v2\/media\/130571"}],"wp:attachment":[{"href":"https:\/\/diarioregionaldigital.com.br\/index.php?rest_route=%2Fwp%2Fv2%2Fmedia&parent=130559"}],"wp:term":[{"taxonomy":"category","embeddable":true,"href":"https:\/\/diarioregionaldigital.com.br\/index.php?rest_route=%2Fwp%2Fv2%2Fcategories&post=130559"},{"taxonomy":"post_tag","embeddable":true,"href":"https:\/\/diarioregionaldigital.com.br\/index.php?rest_route=%2Fwp%2Fv2%2Ftags&post=130559"}],"curies":[{"name":"wp","href":"https:\/\/api.w.org\/{rel}","templated":true}]}}