{"id":130555,"date":"2019-01-10T17:12:00","date_gmt":"2019-01-10T19:12:00","guid":{"rendered":"https:\/\/diarioregionaldigital.com.br\/?p=130555"},"modified":"2019-01-10T17:13:00","modified_gmt":"2019-01-10T19:13:00","slug":"variacao-nos-precos-dos-produtos-chega-a-4495","status":"publish","type":"post","link":"https:\/\/diarioregionaldigital.com.br\/?p=130555","title":{"rendered":"Varia\u00e7\u00e3o nos pre\u00e7os dos produtos chega a 449,5%"},"content":{"rendered":"<p>A Secretaria de Agropecu\u00e1ria e Abastecimento (SAA) da Prefeitura de Juiz de Fora (PJF) divulgou nesta quinta-feira, 10, a pesquisa semanal do \u201cGuia do Consumidor\u201d, com as varia\u00e7\u00f5es de pre\u00e7os entre produtos em oito supermercados da cidade: Bahamas, Bretas, Pais e Filhos, Mart Minas, Fortaleza, Carrefour, Villefort e Rei do Arroz.<\/p>\n<p>&nbsp;<\/p>\n<p><strong>Maiores diferen\u00e7as de pre\u00e7os<\/strong><\/p>\n<p>Cera l\u00edquida mais barata, de R$ 1,09 e R$ 5,99 a embalagem de 750ml: 449,5%.<br \/>\nAmido de milho mais barato, de 500g, de R$ 1,99 a R$ 6,85: 244,2%.<br \/>\n\u00c1gua sanit\u00e1ria mais barata, de um litro, de R$ 1,69 a R$ 5,69: 236,7%.<\/p>\n<p>&nbsp;<\/p>\n<p>A lista completa dos itens que comp\u00f5em o guia desta semana pode ser acessada atrav\u00e9s do\u00a0<a href=\"https:\/\/www.pjf.mg.gov.br\/secretarias\/saa\/pesquisas\/guia_consumidor\/index.php\">link<\/a>.<\/p>\n<p>Fonte: PJF<\/p>\n","protected":false},"excerpt":{"rendered":"<p>A Secretaria de Agropecu\u00e1ria e Abastecimento (SAA) da Prefeitura de Juiz de Fora (PJF) divulgou nesta quinta-feira, 10, a pesquisa semanal do \u201cGuia do Consumidor\u201d, com as varia\u00e7\u00f5es de pre\u00e7os entre produtos em oito supermercados da cidade: Bahamas, Bretas, Pais e Filhos, Mart Minas, Fortaleza, Carrefour, Villefort e Rei do Arroz. &nbsp; Maiores diferen\u00e7as de [&hellip;]<\/p>\n","protected":false},"author":96,"featured_media":130556,"comment_status":"closed","ping_status":"closed","sticky":false,"template":"","format":"standard","meta":{"footnotes":""},"categories":[253,436,262,439],"tags":[],"class_list":["post-130555","post","type-post","status-publish","format-standard","has-post-thumbnail","hentry","category-cidade","category-destaque-da-semana","category-noticias","category-ultima-hora"],"_links":{"self":[{"href":"https:\/\/diarioregionaldigital.com.br\/index.php?rest_route=\/wp\/v2\/posts\/130555","targetHints":{"allow":["GET"]}}],"collection":[{"href":"https:\/\/diarioregionaldigital.com.br\/index.php?rest_route=\/wp\/v2\/posts"}],"about":[{"href":"https:\/\/diarioregionaldigital.com.br\/index.php?rest_route=\/wp\/v2\/types\/post"}],"author":[{"embeddable":true,"href":"https:\/\/diarioregionaldigital.com.br\/index.php?rest_route=\/wp\/v2\/users\/96"}],"replies":[{"embeddable":true,"href":"https:\/\/diarioregionaldigital.com.br\/index.php?rest_route=%2Fwp%2Fv2%2Fcomments&post=130555"}],"version-history":[{"count":0,"href":"https:\/\/diarioregionaldigital.com.br\/index.php?rest_route=\/wp\/v2\/posts\/130555\/revisions"}],"wp:featuredmedia":[{"embeddable":true,"href":"https:\/\/diarioregionaldigital.com.br\/index.php?rest_route=\/wp\/v2\/media\/130556"}],"wp:attachment":[{"href":"https:\/\/diarioregionaldigital.com.br\/index.php?rest_route=%2Fwp%2Fv2%2Fmedia&parent=130555"}],"wp:term":[{"taxonomy":"category","embeddable":true,"href":"https:\/\/diarioregionaldigital.com.br\/index.php?rest_route=%2Fwp%2Fv2%2Fcategories&post=130555"},{"taxonomy":"post_tag","embeddable":true,"href":"https:\/\/diarioregionaldigital.com.br\/index.php?rest_route=%2Fwp%2Fv2%2Ftags&post=130555"}],"curies":[{"name":"wp","href":"https:\/\/api.w.org\/{rel}","templated":true}]}}