{"id":130549,"date":"2019-01-10T16:38:08","date_gmt":"2019-01-10T18:38:08","guid":{"rendered":"https:\/\/diarioregionaldigital.com.br\/?p=130549"},"modified":"2019-01-10T16:38:08","modified_gmt":"2019-01-10T18:38:08","slug":"lei-que-altera-regras-de-licenciamento-ambiental-e-publicada","status":"publish","type":"post","link":"https:\/\/diarioregionaldigital.com.br\/?p=130549","title":{"rendered":"Lei que altera regras de licenciamento ambiental \u00e9 publicada"},"content":{"rendered":"<p>Foi publicada, nesta quinta-feira, 10, no\u00a0Di\u00e1rio Oficial de Minas Gerais, a\u00a0<a title=\"Ir para a p\u00e1gina da lei\" href=\"https:\/\/www.almg.gov.br\/consulte\/legislacao\/completa\/completa.html?tipo=LEI&amp;num=23289&amp;comp=&amp;ano=2019\">Lei 23.289\/19<\/a>, que\u00a0altera regras relativas ao licenciamento ambiental\u00a0para atividades a serem realizadas no Estado. A norma tramitou, na Assembleia Legislativa de Minas Gerais (ALMG), por meio do\u00a0<a title=\"Ir para a p\u00e1gina do projeto\" href=\"https:\/\/www.almg.gov.br\/atividade_parlamentar\/tramitacao_projetos\/interna.html?a=2015&amp;n=1602&amp;t=PL\">Projeto de Lei (PL) 1.602\/15<\/a>, do deputado Ivair Nogueira (MDB).<\/p>\n<p>Com a aprova\u00e7\u00e3o da proposi\u00e7\u00e3o, foi modificada a\u00a0<a title=\"Ir para a p\u00e1gina da lei\" href=\"https:\/\/www.almg.gov.br\/consulte\/legislacao\/completa\/completa.html?tipo=LEI&amp;num=21972&amp;comp=&amp;ano=2016\">Lei 21.972\/16<\/a>, que disp\u00f5e sobre o\u00a0Sistema Estadual de Meio Ambiente e Recursos H\u00eddricos (Sisema).<\/p>\n<p>O texto delega aos munic\u00edpios a atribui\u00e7\u00e3o de conceder licen\u00e7a ambiental nos casos de empreendimentos cujo impacto seja apenas local. S\u00e3o estabelecidos os termos e as condi\u00e7\u00f5es de delega\u00e7\u00e3o, do Estado aos munic\u00edpios, da compet\u00eancia para promover o licenciamento e fiscaliza\u00e7\u00e3o ambiental de atividades e empreendimentos poluidores.<\/p>\n<p>Para que os munic\u00edpios possam exercer a atribui\u00e7\u00e3o, dever\u00e3o atender a requisitos como:<\/p>\n<ul>\n<li>ter um conselho municipal de meio ambiente de car\u00e1ter colegiado com representa\u00e7\u00e3o da sociedade civil parit\u00e1ria \u00e0 do poder p\u00fablico, com compet\u00eancia consultiva, deliberativa e normativa;<\/li>\n<li>possuir \u00f3rg\u00e3o t\u00e9cnico-administrativo na estrutura do Executivo municipal ou no \u00e2mbito de cons\u00f3rcio p\u00fablico intermunicipal constitu\u00eddo com essa finalidade e com equipe t\u00e9cnica multidisciplinar em n\u00famero compat\u00edvel com a demanda;<\/li>\n<li>ter um sistema de fiscaliza\u00e7\u00e3o ambiental legalmente estabelecido, dentre outras exig\u00eancias.<\/li>\n<\/ul>\n<p>No entanto, a lei assegura que a Secretaria de Estado do Meio Ambiente e Desenvolvimento Sustent\u00e1vel (Semad) poder\u00e1 retomar, de of\u00edcio ou mediante provoca\u00e7\u00e3o dos \u00f3rg\u00e3os e entidades vinculadas ao Sisema, a compet\u00eancia que delegou ao munic\u00edpio conveniado.<\/p>\n<p>Fonte: ALMG<\/p>\n","protected":false},"excerpt":{"rendered":"<p>Foi publicada, nesta quinta-feira, 10, no\u00a0Di\u00e1rio Oficial de Minas Gerais, a\u00a0Lei 23.289\/19, que\u00a0altera regras relativas ao licenciamento ambiental\u00a0para atividades a serem realizadas no Estado. A norma tramitou, na Assembleia Legislativa de Minas Gerais (ALMG), por meio do\u00a0Projeto de Lei (PL) 1.602\/15, do deputado Ivair Nogueira (MDB). Com a aprova\u00e7\u00e3o da proposi\u00e7\u00e3o, foi modificada a\u00a0Lei 21.972\/16, [&hellip;]<\/p>\n","protected":false},"author":96,"featured_media":130550,"comment_status":"closed","ping_status":"closed","sticky":false,"template":"","format":"standard","meta":{"footnotes":""},"categories":[436,262,252,439],"tags":[],"class_list":["post-130549","post","type-post","status-publish","format-standard","has-post-thumbnail","hentry","category-destaque-da-semana","category-noticias","category-regiao","category-ultima-hora"],"_links":{"self":[{"href":"https:\/\/diarioregionaldigital.com.br\/index.php?rest_route=\/wp\/v2\/posts\/130549","targetHints":{"allow":["GET"]}}],"collection":[{"href":"https:\/\/diarioregionaldigital.com.br\/index.php?rest_route=\/wp\/v2\/posts"}],"about":[{"href":"https:\/\/diarioregionaldigital.com.br\/index.php?rest_route=\/wp\/v2\/types\/post"}],"author":[{"embeddable":true,"href":"https:\/\/diarioregionaldigital.com.br\/index.php?rest_route=\/wp\/v2\/users\/96"}],"replies":[{"embeddable":true,"href":"https:\/\/diarioregionaldigital.com.br\/index.php?rest_route=%2Fwp%2Fv2%2Fcomments&post=130549"}],"version-history":[{"count":0,"href":"https:\/\/diarioregionaldigital.com.br\/index.php?rest_route=\/wp\/v2\/posts\/130549\/revisions"}],"wp:featuredmedia":[{"embeddable":true,"href":"https:\/\/diarioregionaldigital.com.br\/index.php?rest_route=\/wp\/v2\/media\/130550"}],"wp:attachment":[{"href":"https:\/\/diarioregionaldigital.com.br\/index.php?rest_route=%2Fwp%2Fv2%2Fmedia&parent=130549"}],"wp:term":[{"taxonomy":"category","embeddable":true,"href":"https:\/\/diarioregionaldigital.com.br\/index.php?rest_route=%2Fwp%2Fv2%2Fcategories&post=130549"},{"taxonomy":"post_tag","embeddable":true,"href":"https:\/\/diarioregionaldigital.com.br\/index.php?rest_route=%2Fwp%2Fv2%2Ftags&post=130549"}],"curies":[{"name":"wp","href":"https:\/\/api.w.org\/{rel}","templated":true}]}}