{"id":130542,"date":"2019-01-10T16:17:10","date_gmt":"2019-01-10T18:17:10","guid":{"rendered":"https:\/\/diarioregionaldigital.com.br\/?p=130542"},"modified":"2019-01-10T16:17:10","modified_gmt":"2019-01-10T18:17:10","slug":"nucleo-travessia-realiza-1o-show-de-talentos","status":"publish","type":"post","link":"https:\/\/diarioregionaldigital.com.br\/?p=130542","title":{"rendered":"N\u00facleo Travessia realiza &#8220;1\u00ba Show de Talentos&#8221;"},"content":{"rendered":"<p>Neste s\u00e1bado, 12, a Ag\u00eancia Adventista de Desenvolvimento e Recursos Assistenciais (Adra) do N\u00facleo Vila Olavo Costa, em parceria com a Associa\u00e7\u00e3o de Moradores do bairro, realizar\u00e1 o &#8220;1\u00ba Show de Talentos&#8221;, de 13 \u00e0s 17 horas, na sede do N\u00facleo Travessia (Rua Jacinto Marcelino, 25, Bairro Vila Olavo Costa), com apresenta\u00e7\u00f5es art\u00edsticas diversas, como dan\u00e7a de sal\u00e3o e imita\u00e7\u00e3o, al\u00e9m de performance de funk, executada pelos adolescentes atendidos pela Adra.<\/p>\n<p>O grupo Lixarte, que produz objetos a partir de materiais recicl\u00e1veis, tamb\u00e9m estar\u00e1 presente na a\u00e7\u00e3o, com a feira de economia solid\u00e1ria, onde estar\u00e3o expostas \u2013 e \u00e0 venda \u2013 suas cria\u00e7\u00f5es, como poltronas e bonecas. No evento haver\u00e1 distribui\u00e7\u00e3o de lanches e sorteio de brindes.<\/p>\n<p>A coordenadora do Servi\u00e7o de Conviv\u00eancia e Fortalecimento de V\u00ednculos (SCFV) da Unidade Olavo Costa, Amanda Vieira, observou que &#8220;na regi\u00e3o h\u00e1 muitos talentos que precisam ser explorados, mas n\u00e3o t\u00eam oportunidades. Dessa forma, eles poder\u00e3o ser divulgados para a comunidade&#8221;. Segundo ela, essa ser\u00e1 oportunidade de tornar conhecido o trabalho desenvolvido na institui\u00e7\u00e3o e de atrair novos adolescentes (15 a 17 anos) para se integrarem a ele. O show \u00e9 aberto a todos que queiram assistir ou se apresentar.<\/p>\n<p>&nbsp;<\/p>\n<p>Fonte: PJF<\/p>\n","protected":false},"excerpt":{"rendered":"<p>Neste s\u00e1bado, 12, a Ag\u00eancia Adventista de Desenvolvimento e Recursos Assistenciais (Adra) do N\u00facleo Vila Olavo Costa, em parceria com a Associa\u00e7\u00e3o de Moradores do bairro, realizar\u00e1 o &#8220;1\u00ba Show de Talentos&#8221;, de 13 \u00e0s 17 horas, na sede do N\u00facleo Travessia (Rua Jacinto Marcelino, 25, Bairro Vila Olavo Costa), com apresenta\u00e7\u00f5es art\u00edsticas diversas, como [&hellip;]<\/p>\n","protected":false},"author":96,"featured_media":130543,"comment_status":"closed","ping_status":"closed","sticky":false,"template":"","format":"standard","meta":{"footnotes":""},"categories":[253,436,262,439],"tags":[],"class_list":["post-130542","post","type-post","status-publish","format-standard","has-post-thumbnail","hentry","category-cidade","category-destaque-da-semana","category-noticias","category-ultima-hora"],"_links":{"self":[{"href":"https:\/\/diarioregionaldigital.com.br\/index.php?rest_route=\/wp\/v2\/posts\/130542","targetHints":{"allow":["GET"]}}],"collection":[{"href":"https:\/\/diarioregionaldigital.com.br\/index.php?rest_route=\/wp\/v2\/posts"}],"about":[{"href":"https:\/\/diarioregionaldigital.com.br\/index.php?rest_route=\/wp\/v2\/types\/post"}],"author":[{"embeddable":true,"href":"https:\/\/diarioregionaldigital.com.br\/index.php?rest_route=\/wp\/v2\/users\/96"}],"replies":[{"embeddable":true,"href":"https:\/\/diarioregionaldigital.com.br\/index.php?rest_route=%2Fwp%2Fv2%2Fcomments&post=130542"}],"version-history":[{"count":0,"href":"https:\/\/diarioregionaldigital.com.br\/index.php?rest_route=\/wp\/v2\/posts\/130542\/revisions"}],"wp:featuredmedia":[{"embeddable":true,"href":"https:\/\/diarioregionaldigital.com.br\/index.php?rest_route=\/wp\/v2\/media\/130543"}],"wp:attachment":[{"href":"https:\/\/diarioregionaldigital.com.br\/index.php?rest_route=%2Fwp%2Fv2%2Fmedia&parent=130542"}],"wp:term":[{"taxonomy":"category","embeddable":true,"href":"https:\/\/diarioregionaldigital.com.br\/index.php?rest_route=%2Fwp%2Fv2%2Fcategories&post=130542"},{"taxonomy":"post_tag","embeddable":true,"href":"https:\/\/diarioregionaldigital.com.br\/index.php?rest_route=%2Fwp%2Fv2%2Ftags&post=130542"}],"curies":[{"name":"wp","href":"https:\/\/api.w.org\/{rel}","templated":true}]}}