{"id":130538,"date":"2019-01-10T14:32:58","date_gmt":"2019-01-10T16:32:58","guid":{"rendered":"https:\/\/diarioregionaldigital.com.br\/?p=130538"},"modified":"2019-01-10T14:32:58","modified_gmt":"2019-01-10T16:32:58","slug":"piso-salarial-para-o-magisterio-e-reajustado-em-417","status":"publish","type":"post","link":"https:\/\/diarioregionaldigital.com.br\/?p=130538","title":{"rendered":"Piso salarial para o magist\u00e9rio \u00e9 reajustado em 4,17%"},"content":{"rendered":"<p>Desde o\u00a0dia 1\u00ba, o piso salarial do magist\u00e9rio est\u00e1 em\u00a0R$ 2.557,74, o que representa um aumento de 4,17%, segundo o Minist\u00e9rio da Educa\u00e7\u00e3o MEC).<\/p>\n<p>O valor corresponde ao vencimento inicial dos profissionais do magist\u00e9rio p\u00fablico da educa\u00e7\u00e3o b\u00e1sica, com forma\u00e7\u00e3o de n\u00edvel m\u00e9dio, modalidade normal, jornada de 40 horas semanais.<\/p>\n<p>De acordo com o MEC, esse formato para corre\u00e7\u00e3o do piso salarial \u00e9 utilizado desde o ano de 2010.<\/p>\n<p>&nbsp;<\/p>\n<p>Fonte: Ag\u00eancia Brasil<\/p>\n","protected":false},"excerpt":{"rendered":"<p>Desde o\u00a0dia 1\u00ba, o piso salarial do magist\u00e9rio est\u00e1 em\u00a0R$ 2.557,74, o que representa um aumento de 4,17%, segundo o Minist\u00e9rio da Educa\u00e7\u00e3o MEC). O valor corresponde ao vencimento inicial dos profissionais do magist\u00e9rio p\u00fablico da educa\u00e7\u00e3o b\u00e1sica, com forma\u00e7\u00e3o de n\u00edvel m\u00e9dio, modalidade normal, jornada de 40 horas semanais. De acordo com o MEC, [&hellip;]<\/p>\n","protected":false},"author":96,"featured_media":130539,"comment_status":"closed","ping_status":"closed","sticky":false,"template":"","format":"standard","meta":{"footnotes":""},"categories":[302,436,262,439],"tags":[],"class_list":["post-130538","post","type-post","status-publish","format-standard","has-post-thumbnail","hentry","category-brasil-mundo","category-destaque-da-semana","category-noticias","category-ultima-hora"],"_links":{"self":[{"href":"https:\/\/diarioregionaldigital.com.br\/index.php?rest_route=\/wp\/v2\/posts\/130538","targetHints":{"allow":["GET"]}}],"collection":[{"href":"https:\/\/diarioregionaldigital.com.br\/index.php?rest_route=\/wp\/v2\/posts"}],"about":[{"href":"https:\/\/diarioregionaldigital.com.br\/index.php?rest_route=\/wp\/v2\/types\/post"}],"author":[{"embeddable":true,"href":"https:\/\/diarioregionaldigital.com.br\/index.php?rest_route=\/wp\/v2\/users\/96"}],"replies":[{"embeddable":true,"href":"https:\/\/diarioregionaldigital.com.br\/index.php?rest_route=%2Fwp%2Fv2%2Fcomments&post=130538"}],"version-history":[{"count":0,"href":"https:\/\/diarioregionaldigital.com.br\/index.php?rest_route=\/wp\/v2\/posts\/130538\/revisions"}],"wp:featuredmedia":[{"embeddable":true,"href":"https:\/\/diarioregionaldigital.com.br\/index.php?rest_route=\/wp\/v2\/media\/130539"}],"wp:attachment":[{"href":"https:\/\/diarioregionaldigital.com.br\/index.php?rest_route=%2Fwp%2Fv2%2Fmedia&parent=130538"}],"wp:term":[{"taxonomy":"category","embeddable":true,"href":"https:\/\/diarioregionaldigital.com.br\/index.php?rest_route=%2Fwp%2Fv2%2Fcategories&post=130538"},{"taxonomy":"post_tag","embeddable":true,"href":"https:\/\/diarioregionaldigital.com.br\/index.php?rest_route=%2Fwp%2Fv2%2Ftags&post=130538"}],"curies":[{"name":"wp","href":"https:\/\/api.w.org\/{rel}","templated":true}]}}