{"id":130535,"date":"2019-01-10T14:22:22","date_gmt":"2019-01-10T16:22:22","guid":{"rendered":"https:\/\/diarioregionaldigital.com.br\/?p=130535"},"modified":"2019-01-10T14:22:22","modified_gmt":"2019-01-10T16:22:22","slug":"ufjf-recebe-217-solicitacoes-de-recursos-do-pism-iii","status":"publish","type":"post","link":"https:\/\/diarioregionaldigital.com.br\/?p=130535","title":{"rendered":"UFJF recebe 217 solicita\u00e7\u00f5es de recursos do Pism III"},"content":{"rendered":"<p>Os recursos sobre as notas divulgadas do m\u00f3dulo III do Programa de Ingresso Seletivo Misto (Pism) foram solicitados nesta quarta-feira, 9, por 143 candidatos. Ao todo, foram 217 pedidos de revis\u00e3o recebidos pela Universidade Federal de Juiz de Fora (UFJF).\u00a0A prova com maior n\u00famero de requerimentos foi a de Portugu\u00eas, com 49 solicita\u00e7\u00f5es. Em seguida, a prova de F\u00edsica que teve 43 pedidos de recursos. Foram 37 em Qu\u00edmica; 33 em Biologia; 25 em Filosofia; oito em Matem\u00e1tica;\u00a0oito em Sociologia; seis em Hist\u00f3ria; cinco em Literatura; e tr\u00eas em Geografia.<\/p>\n<p>A \u00a0Coordena\u00e7\u00e3o Geral de Processos Seletivos (Copese) tem at\u00e9 72 horas para julgar os pedidos e a nota da prova para qual o recurso foi solicitado pode ser aumentada, mantida ou diminu\u00edda. A avalia\u00e7\u00e3o da proced\u00eancia do recurso \u00e9 realizada por uma banca, formada por especialistas na \u00e1rea. A pr\u00f3-reitora de Gradua\u00e7\u00e3o, Maria Carmen Sim\u00f5es Cardoso de Melo, ressalta que a banca possui soberania na tomada de decis\u00f5es. \u201cQuando h\u00e1 o recurso, \u00e9 formada uma banca com\u00a0<i>expertises\u00a0<\/i>daquele assunto que ir\u00e3o analisar a resposta do candidato com base na bibliografia e na pergunta formulada e, a partir disso, rever a avalia\u00e7\u00e3o.\u201d<\/p>\n<p>As solicita\u00e7\u00f5es foram feitas pelo e-mail\u00a0vestibular@ufjf.edu.br\u00a0ou presencialmente na Central de Atendimento (CAT). Os candidatos puderam pedir recurso de, no m\u00e1ximo, dois conte\u00fados e foi cobrada a taxa de R$ 24 por conte\u00fado. Se a Copese determinar a proced\u00eancia da reclama\u00e7\u00e3o haver\u00e1 reembolso da taxa paga.<\/p>\n<p>A altera\u00e7\u00e3o das notas, se for o caso, \u00e9 publicada junto ao resultado final, no dia 15 de janeiro a partir das 15h. Da decis\u00e3o da Copese em rela\u00e7\u00e3o aos recursos sobre as notas n\u00e3o cabe recurso. \u201cAt\u00e9 agora as notas s\u00e3o uma pr\u00e9via, porque a gente tem que dar esse prazo para as pessoas recorrerem. \u00c9 no dia 15 que ficaremos sabendo realmente quem ser\u00e1 aprovado. Espero que os candidatos que est\u00e3o aptos obtenham \u00eaxito e sejam bem-vindos \u00e0 institui\u00e7\u00e3o\u201d, destaca Maria Carmen.<\/p>\n<p><b>Pism I e II<\/b><\/p>\n<p>As notas dos m\u00f3dulos I e II do Pism ser\u00e3o divulgadas no dia 12 de fevereiro a partir de 15h. Os pedidos de recurso devem ser feitos no dia 13, das 9h \u00e0s 16h, e o resultado final sai no dia 20 de fevereiro.<\/p>\n<p>Fonte: UFJF<\/p>\n","protected":false},"excerpt":{"rendered":"<p>Os recursos sobre as notas divulgadas do m\u00f3dulo III do Programa de Ingresso Seletivo Misto (Pism) foram solicitados nesta quarta-feira, 9, por 143 candidatos. Ao todo, foram 217 pedidos de revis\u00e3o recebidos pela Universidade Federal de Juiz de Fora (UFJF).\u00a0A prova com maior n\u00famero de requerimentos foi a de Portugu\u00eas, com 49 solicita\u00e7\u00f5es. Em seguida, [&hellip;]<\/p>\n","protected":false},"author":96,"featured_media":124262,"comment_status":"closed","ping_status":"closed","sticky":false,"template":"","format":"standard","meta":{"footnotes":""},"categories":[253,436,262,439],"tags":[],"class_list":["post-130535","post","type-post","status-publish","format-standard","has-post-thumbnail","hentry","category-cidade","category-destaque-da-semana","category-noticias","category-ultima-hora"],"_links":{"self":[{"href":"https:\/\/diarioregionaldigital.com.br\/index.php?rest_route=\/wp\/v2\/posts\/130535","targetHints":{"allow":["GET"]}}],"collection":[{"href":"https:\/\/diarioregionaldigital.com.br\/index.php?rest_route=\/wp\/v2\/posts"}],"about":[{"href":"https:\/\/diarioregionaldigital.com.br\/index.php?rest_route=\/wp\/v2\/types\/post"}],"author":[{"embeddable":true,"href":"https:\/\/diarioregionaldigital.com.br\/index.php?rest_route=\/wp\/v2\/users\/96"}],"replies":[{"embeddable":true,"href":"https:\/\/diarioregionaldigital.com.br\/index.php?rest_route=%2Fwp%2Fv2%2Fcomments&post=130535"}],"version-history":[{"count":0,"href":"https:\/\/diarioregionaldigital.com.br\/index.php?rest_route=\/wp\/v2\/posts\/130535\/revisions"}],"wp:featuredmedia":[{"embeddable":true,"href":"https:\/\/diarioregionaldigital.com.br\/index.php?rest_route=\/wp\/v2\/media\/124262"}],"wp:attachment":[{"href":"https:\/\/diarioregionaldigital.com.br\/index.php?rest_route=%2Fwp%2Fv2%2Fmedia&parent=130535"}],"wp:term":[{"taxonomy":"category","embeddable":true,"href":"https:\/\/diarioregionaldigital.com.br\/index.php?rest_route=%2Fwp%2Fv2%2Fcategories&post=130535"},{"taxonomy":"post_tag","embeddable":true,"href":"https:\/\/diarioregionaldigital.com.br\/index.php?rest_route=%2Fwp%2Fv2%2Ftags&post=130535"}],"curies":[{"name":"wp","href":"https:\/\/api.w.org\/{rel}","templated":true}]}}