{"id":130532,"date":"2019-01-10T13:50:54","date_gmt":"2019-01-10T15:50:54","guid":{"rendered":"https:\/\/diarioregionaldigital.com.br\/?p=130532"},"modified":"2019-01-10T13:50:54","modified_gmt":"2019-01-10T15:50:54","slug":"aniversario-de-alfredo-lage-celebrava-dia-do-museu-mariano-procopio","status":"publish","type":"post","link":"https:\/\/diarioregionaldigital.com.br\/?p=130532","title":{"rendered":"Anivers\u00e1rio de Alfredo Lage celebrava \u201cDia do Museu Mariano Proc\u00f3pio\u201d"},"content":{"rendered":"<p>O nascimento de Alfredo Ferreira Lage \u00e9 uma das datas mais importantes do calend\u00e1rio c\u00edvico da institui\u00e7\u00e3o. Sua prima Geralda Armond, preparada por ele para ser a diretora do Museu, esteve presente na reuni\u00e3o onde foi criado o \u201c Dia do Museu Mariano Proc\u00f3pio\u201d, em homenagem ao seu fundador. A gestora manteve a comemora\u00e7\u00e3o de 1945 a 1980. Posteriormente eram celebradas missas e a reuni\u00e3o de apresenta\u00e7\u00e3o do relat\u00f3rio anual ao Conselho de Amigos.<\/p>\n<p>Nascido em Juiz de Fora no dia 10 de janeiro de 1865, Alfredo, filho do comendador Mariano Proc\u00f3pio, \u00e9 uma das figuras de destaque na cidade, respons\u00e1vel por fundar o primeiro Museu do Estado de Minas Gerais. Como parte de seu legado, a doa\u00e7\u00e3o ainda em vida da institui\u00e7\u00e3o para o munic\u00edpio, o conjunto formado pelo parque e pelos pr\u00e9dios do Museu, com todo o seu acervo. O ato de doa\u00e7\u00e3o sinaliza a tentativa de perpetua\u00e7\u00e3o da mem\u00f3ria da fam\u00edlia Lage, refor\u00e7ando sua inser\u00e7\u00e3o nas elites econ\u00f4mica e cultural da \u00e9poca, al\u00e9m de eternizar o nome de seu pai na cidade.<\/p>\n<p>Atuou em diferentes frentes como empreendedor, al\u00e9m do engajamento cultural, pol\u00edtico e social. Ap\u00f3s a morte de seu pai, sua m\u00e3e Maria Am\u00e1lia decidiu se mudar para a Europa. Ele e o irm\u00e3o foram educados no sistema europeu, particularmente na Fran\u00e7a, centro propagador das formas der ser, pensar e se comportar da elite brasileira do s\u00e9culo 19. Com a volta da fam\u00edlia ao Brasil, continuou os estudos, cursando direito na Universidade de S\u00e3o Paulo (USP). Dentre as curiosidades de sua trajet\u00f3ria, Alfredo foi colega de turma de Delfim Moreira, Wenceslau Braz Ferreira Gomes, que posteriormente viriam a se tornar presidentes da Rep\u00fablica. Logo ap\u00f3s sua formatura, decidiu entrar para a pol\u00edtica, sendo vereador de 1892 a 1895. Atuou como jornalista e fot\u00f3grafo, foi presidente do \u201cPhoto Club\u201d do Rio de Janeiro, o primeiro de fot\u00f3grafos amadores do Brasil.<\/p>\n<p>Com grande parte de sua cole\u00e7\u00e3o no Rio de Janeiro, na \u00e9poca ainda capital da Rep\u00fablica, seu desejo era transferir o acervo para Juiz de Fora. Embora fosse mais dif\u00edcil legitimar o Museu criado em uma cidade do interior em n\u00edvel nacional, empenhou-se at\u00e9 o final de sua vida para isso. Al\u00e9m do acervo rico e diverso, que para muitos j\u00e1 bastaria para inserir o Museu na mem\u00f3ria da cidade e do pa\u00eds, buscou, atrav\u00e9s das rela\u00e7\u00f5es sociais, difundir a institui\u00e7\u00e3o em todos os meios em que frequentava. A visita de figuras p\u00fablicas e personalidades eram frequentes desde a sua \u00e9poca. Recebeu os presidentes Arthur Bernardes e Get\u00falio Vargas dentre outras autoridades.<\/p>\n<p>&nbsp;<\/p>\n<p>Fonte: PJF<\/p>\n","protected":false},"excerpt":{"rendered":"<p>O nascimento de Alfredo Ferreira Lage \u00e9 uma das datas mais importantes do calend\u00e1rio c\u00edvico da institui\u00e7\u00e3o. Sua prima Geralda Armond, preparada por ele para ser a diretora do Museu, esteve presente na reuni\u00e3o onde foi criado o \u201c Dia do Museu Mariano Proc\u00f3pio\u201d, em homenagem ao seu fundador. A gestora manteve a comemora\u00e7\u00e3o de [&hellip;]<\/p>\n","protected":false},"author":96,"featured_media":130533,"comment_status":"closed","ping_status":"closed","sticky":false,"template":"","format":"standard","meta":{"footnotes":""},"categories":[256,436,262,439],"tags":[],"class_list":["post-130532","post","type-post","status-publish","format-standard","has-post-thumbnail","hentry","category-cultura","category-destaque-da-semana","category-noticias","category-ultima-hora"],"_links":{"self":[{"href":"https:\/\/diarioregionaldigital.com.br\/index.php?rest_route=\/wp\/v2\/posts\/130532","targetHints":{"allow":["GET"]}}],"collection":[{"href":"https:\/\/diarioregionaldigital.com.br\/index.php?rest_route=\/wp\/v2\/posts"}],"about":[{"href":"https:\/\/diarioregionaldigital.com.br\/index.php?rest_route=\/wp\/v2\/types\/post"}],"author":[{"embeddable":true,"href":"https:\/\/diarioregionaldigital.com.br\/index.php?rest_route=\/wp\/v2\/users\/96"}],"replies":[{"embeddable":true,"href":"https:\/\/diarioregionaldigital.com.br\/index.php?rest_route=%2Fwp%2Fv2%2Fcomments&post=130532"}],"version-history":[{"count":0,"href":"https:\/\/diarioregionaldigital.com.br\/index.php?rest_route=\/wp\/v2\/posts\/130532\/revisions"}],"wp:featuredmedia":[{"embeddable":true,"href":"https:\/\/diarioregionaldigital.com.br\/index.php?rest_route=\/wp\/v2\/media\/130533"}],"wp:attachment":[{"href":"https:\/\/diarioregionaldigital.com.br\/index.php?rest_route=%2Fwp%2Fv2%2Fmedia&parent=130532"}],"wp:term":[{"taxonomy":"category","embeddable":true,"href":"https:\/\/diarioregionaldigital.com.br\/index.php?rest_route=%2Fwp%2Fv2%2Fcategories&post=130532"},{"taxonomy":"post_tag","embeddable":true,"href":"https:\/\/diarioregionaldigital.com.br\/index.php?rest_route=%2Fwp%2Fv2%2Ftags&post=130532"}],"curies":[{"name":"wp","href":"https:\/\/api.w.org\/{rel}","templated":true}]}}