{"id":130529,"date":"2019-01-10T13:41:56","date_gmt":"2019-01-10T15:41:56","guid":{"rendered":"https:\/\/diarioregionaldigital.com.br\/?p=130529"},"modified":"2019-01-10T13:41:56","modified_gmt":"2019-01-10T15:41:56","slug":"secretaria-de-obras-faz-manutencao-de-rede-de-drenagem-em-sete-bairros","status":"publish","type":"post","link":"https:\/\/diarioregionaldigital.com.br\/?p=130529","title":{"rendered":"Secretaria de Obras faz manuten\u00e7\u00e3o de rede de drenagem em sete bairros"},"content":{"rendered":"<p>A Secretaria de Obras (SO) da Prefeitura de Juiz de Fora (PJF) tem atuado diariamente, inclusive aos s\u00e1bados, na recupera\u00e7\u00e3o de redes de drenagem danificadas pelas chuvas. Nesta quinta-feira, 10, a SO iniciou a recupera\u00e7\u00e3o de rede pluvial na Rua Carlos Chagas, no S\u00e3o Mateus, na Rua Marcelino Vaz de Magalh\u00e3es, no Bandeirantes, na Rua Goi\u00e1s, no S\u00e3o Bernardo, e na Eduardo Weiss, no F\u00e1brica. A previs\u00e3o \u00e9 de que esses pontos sejam finalizados at\u00e9 esta sexta-feira, 11.<\/p>\n<p>Al\u00e9m desses locais, nessa quarta, 9, a SO finalizou a manuten\u00e7\u00e3o da rede das ruas Professor Henrique Hargreaves, no S\u00e3o Pedro; Jos\u00e9 Lib\u00e2nio Rodrigues, no Bandeirantes; Morais e Castro, no Alto dos Passos; e Rosa Sffeir, no Graja\u00fa.<\/p>\n<p>Fonte: PJF<\/p>\n","protected":false},"excerpt":{"rendered":"<p>A Secretaria de Obras (SO) da Prefeitura de Juiz de Fora (PJF) tem atuado diariamente, inclusive aos s\u00e1bados, na recupera\u00e7\u00e3o de redes de drenagem danificadas pelas chuvas. Nesta quinta-feira, 10, a SO iniciou a recupera\u00e7\u00e3o de rede pluvial na Rua Carlos Chagas, no S\u00e3o Mateus, na Rua Marcelino Vaz de Magalh\u00e3es, no Bandeirantes, na Rua [&hellip;]<\/p>\n","protected":false},"author":96,"featured_media":130530,"comment_status":"closed","ping_status":"closed","sticky":false,"template":"","format":"standard","meta":{"footnotes":""},"categories":[253,436,262,439],"tags":[],"class_list":["post-130529","post","type-post","status-publish","format-standard","has-post-thumbnail","hentry","category-cidade","category-destaque-da-semana","category-noticias","category-ultima-hora"],"_links":{"self":[{"href":"https:\/\/diarioregionaldigital.com.br\/index.php?rest_route=\/wp\/v2\/posts\/130529","targetHints":{"allow":["GET"]}}],"collection":[{"href":"https:\/\/diarioregionaldigital.com.br\/index.php?rest_route=\/wp\/v2\/posts"}],"about":[{"href":"https:\/\/diarioregionaldigital.com.br\/index.php?rest_route=\/wp\/v2\/types\/post"}],"author":[{"embeddable":true,"href":"https:\/\/diarioregionaldigital.com.br\/index.php?rest_route=\/wp\/v2\/users\/96"}],"replies":[{"embeddable":true,"href":"https:\/\/diarioregionaldigital.com.br\/index.php?rest_route=%2Fwp%2Fv2%2Fcomments&post=130529"}],"version-history":[{"count":0,"href":"https:\/\/diarioregionaldigital.com.br\/index.php?rest_route=\/wp\/v2\/posts\/130529\/revisions"}],"wp:featuredmedia":[{"embeddable":true,"href":"https:\/\/diarioregionaldigital.com.br\/index.php?rest_route=\/wp\/v2\/media\/130530"}],"wp:attachment":[{"href":"https:\/\/diarioregionaldigital.com.br\/index.php?rest_route=%2Fwp%2Fv2%2Fmedia&parent=130529"}],"wp:term":[{"taxonomy":"category","embeddable":true,"href":"https:\/\/diarioregionaldigital.com.br\/index.php?rest_route=%2Fwp%2Fv2%2Fcategories&post=130529"},{"taxonomy":"post_tag","embeddable":true,"href":"https:\/\/diarioregionaldigital.com.br\/index.php?rest_route=%2Fwp%2Fv2%2Ftags&post=130529"}],"curies":[{"name":"wp","href":"https:\/\/api.w.org\/{rel}","templated":true}]}}