{"id":130525,"date":"2019-01-10T12:32:05","date_gmt":"2019-01-10T14:32:05","guid":{"rendered":"https:\/\/diarioregionaldigital.com.br\/?p=130525"},"modified":"2019-01-10T20:27:38","modified_gmt":"2019-01-10T22:27:38","slug":"segunda-via-da-identidade-sobe-para-r7186-em-minas-gerais","status":"publish","type":"post","link":"https:\/\/diarioregionaldigital.com.br\/?p=130525","title":{"rendered":"Segunda via da identidade sobe para R$71,86 em Minas Gerais"},"content":{"rendered":"<p>Em duas semanas, a tarifa para obter a segunda via da carteira de identidade nas cidades de Minas Gerais quase dobrou. At\u00e9 o dia 21 de dezembro de 2018 o pre\u00e7o pelo servi\u00e7o era de R$32. Atualmente, custa cerca de R$71,86. Um aumento de 124,5%.\u00a0O valor \u00e9 cobrado de quem perdeu o documento.<\/p>\n<p>O servi\u00e7o ainda continua gratuito para a emiss\u00e3o da primeira via do Registro Geral (RG). Al\u00e9m disso, para quem teve o documento roubado, com a apresenta\u00e7\u00e3o do boletim de ocorr\u00eancia. O cidad\u00e3o carente tamb\u00e9m tem direito \u00e0 isen\u00e7\u00e3o da taxa de seguran\u00e7a p\u00fablica.<\/p>\n","protected":false},"excerpt":{"rendered":"<p>Em duas semanas, a tarifa para obter a segunda via da carteira de identidade nas cidades de Minas Gerais quase dobrou. At\u00e9 o dia 21 de dezembro de 2018 o pre\u00e7o pelo servi\u00e7o era de R$32. Atualmente, custa cerca de R$71,86. Um aumento de 124,5%.\u00a0O valor \u00e9 cobrado de quem perdeu o documento. O servi\u00e7o [&hellip;]<\/p>\n","protected":false},"author":96,"featured_media":130602,"comment_status":"closed","ping_status":"closed","sticky":false,"template":"","format":"standard","meta":{"footnotes":""},"categories":[436,440,252,439],"tags":[],"class_list":["post-130525","post","type-post","status-publish","format-standard","has-post-thumbnail","hentry","category-destaque-da-semana","category-destaques-do-dia","category-regiao","category-ultima-hora"],"_links":{"self":[{"href":"https:\/\/diarioregionaldigital.com.br\/index.php?rest_route=\/wp\/v2\/posts\/130525","targetHints":{"allow":["GET"]}}],"collection":[{"href":"https:\/\/diarioregionaldigital.com.br\/index.php?rest_route=\/wp\/v2\/posts"}],"about":[{"href":"https:\/\/diarioregionaldigital.com.br\/index.php?rest_route=\/wp\/v2\/types\/post"}],"author":[{"embeddable":true,"href":"https:\/\/diarioregionaldigital.com.br\/index.php?rest_route=\/wp\/v2\/users\/96"}],"replies":[{"embeddable":true,"href":"https:\/\/diarioregionaldigital.com.br\/index.php?rest_route=%2Fwp%2Fv2%2Fcomments&post=130525"}],"version-history":[{"count":0,"href":"https:\/\/diarioregionaldigital.com.br\/index.php?rest_route=\/wp\/v2\/posts\/130525\/revisions"}],"wp:featuredmedia":[{"embeddable":true,"href":"https:\/\/diarioregionaldigital.com.br\/index.php?rest_route=\/wp\/v2\/media\/130602"}],"wp:attachment":[{"href":"https:\/\/diarioregionaldigital.com.br\/index.php?rest_route=%2Fwp%2Fv2%2Fmedia&parent=130525"}],"wp:term":[{"taxonomy":"category","embeddable":true,"href":"https:\/\/diarioregionaldigital.com.br\/index.php?rest_route=%2Fwp%2Fv2%2Fcategories&post=130525"},{"taxonomy":"post_tag","embeddable":true,"href":"https:\/\/diarioregionaldigital.com.br\/index.php?rest_route=%2Fwp%2Fv2%2Ftags&post=130525"}],"curies":[{"name":"wp","href":"https:\/\/api.w.org\/{rel}","templated":true}]}}