{"id":130522,"date":"2019-01-10T11:44:01","date_gmt":"2019-01-10T13:44:01","guid":{"rendered":"https:\/\/diarioregionaldigital.com.br\/?p=130522"},"modified":"2019-01-10T11:44:01","modified_gmt":"2019-01-10T13:44:01","slug":"safra-de-graos-de-2019-deve-ser-31-maior-que-a-de-2018-diz-ibge","status":"publish","type":"post","link":"https:\/\/diarioregionaldigital.com.br\/?p=130522","title":{"rendered":"Safra de gr\u00e3os de 2019 deve ser 3,1% maior que a de 2018, diz IBGE"},"content":{"rendered":"<p>A safra de cereais, leguminosas e oleaginosas deste ano deve ser 3,1% maior do que a produ\u00e7\u00e3o de 2018. A estimativa \u00e9 do terceiro progn\u00f3stico para a safra de 2019, divulgado nesta quinta-feira, 10, no Rio de Janeiro, pelo Instituto Brasileiro de Geografia e Estat\u00edstica (IBGE), que prev\u00ea uma produ\u00e7\u00e3o de 223,4 milh\u00f5es de toneladas.<\/p>\n<p>A safra de 2018 ainda n\u00e3o foi calculada, mas a \u00faltima previs\u00e3o do IBGE, feita em dezembro, indica que o ano fecharia com uma produ\u00e7\u00e3o de 226,5 milh\u00f5es de toneladas, 5,9% inferior ao total de 2017.<\/p>\n<p>Segundo o IBGE, para este ano s\u00e3o esperados crescimentos para a soja (0,8%), as duas safras de milho (2,6% para a primeira safra e 11,1% para a segunda safra), para a segunda e a terceira safras do feij\u00e3o (6,2% e 2,4%, respectivamente) e para o algod\u00e3o herb\u00e1ceo (6,6%).<\/p>\n<p>No entanto, devem ter queda as produ\u00e7\u00f5es de arroz (-4,8%), feij\u00e3o primeira safra (-10,8%), trigo (-3,9%) e sorgo (-0,7%).<\/p>\n<p>A alta de 2019 deve ser puxada principalmente pela Regi\u00e3o Sul, cuja produ\u00e7\u00e3o deve crescer 5%, passando de 74,5 milh\u00f5es de toneladas para 78,2 milh\u00f5es. Principal centro produtor de gr\u00e3os do pa\u00eds, o Centro-Oeste tem um crescimento previsto de 2,8%, passando de 101 milh\u00f5es de toneladas para 103,8 milh\u00f5es.<\/p>\n<p><em>Fonte: Ag\u00eancia Brasil<\/em><\/p>\n","protected":false},"excerpt":{"rendered":"<p>A safra de cereais, leguminosas e oleaginosas deste ano deve ser 3,1% maior do que a produ\u00e7\u00e3o de 2018. A estimativa \u00e9 do terceiro progn\u00f3stico para a safra de 2019, divulgado nesta quinta-feira, 10, no Rio de Janeiro, pelo Instituto Brasileiro de Geografia e Estat\u00edstica (IBGE), que prev\u00ea uma produ\u00e7\u00e3o de 223,4 milh\u00f5es de toneladas. [&hellip;]<\/p>\n","protected":false},"author":96,"featured_media":0,"comment_status":"closed","ping_status":"closed","sticky":false,"template":"","format":"standard","meta":{"footnotes":""},"categories":[261,439],"tags":[],"class_list":["post-130522","post","type-post","status-publish","format-standard","hentry","category-economia","category-ultima-hora"],"_links":{"self":[{"href":"https:\/\/diarioregionaldigital.com.br\/index.php?rest_route=\/wp\/v2\/posts\/130522","targetHints":{"allow":["GET"]}}],"collection":[{"href":"https:\/\/diarioregionaldigital.com.br\/index.php?rest_route=\/wp\/v2\/posts"}],"about":[{"href":"https:\/\/diarioregionaldigital.com.br\/index.php?rest_route=\/wp\/v2\/types\/post"}],"author":[{"embeddable":true,"href":"https:\/\/diarioregionaldigital.com.br\/index.php?rest_route=\/wp\/v2\/users\/96"}],"replies":[{"embeddable":true,"href":"https:\/\/diarioregionaldigital.com.br\/index.php?rest_route=%2Fwp%2Fv2%2Fcomments&post=130522"}],"version-history":[{"count":0,"href":"https:\/\/diarioregionaldigital.com.br\/index.php?rest_route=\/wp\/v2\/posts\/130522\/revisions"}],"wp:attachment":[{"href":"https:\/\/diarioregionaldigital.com.br\/index.php?rest_route=%2Fwp%2Fv2%2Fmedia&parent=130522"}],"wp:term":[{"taxonomy":"category","embeddable":true,"href":"https:\/\/diarioregionaldigital.com.br\/index.php?rest_route=%2Fwp%2Fv2%2Fcategories&post=130522"},{"taxonomy":"post_tag","embeddable":true,"href":"https:\/\/diarioregionaldigital.com.br\/index.php?rest_route=%2Fwp%2Fv2%2Ftags&post=130522"}],"curies":[{"name":"wp","href":"https:\/\/api.w.org\/{rel}","templated":true}]}}