{"id":130517,"date":"2019-01-10T10:22:38","date_gmt":"2019-01-10T12:22:38","guid":{"rendered":"https:\/\/diarioregionaldigital.com.br\/?p=130517"},"modified":"2019-01-10T10:22:38","modified_gmt":"2019-01-10T12:22:38","slug":"inscricoes-para-colonia-de-ferias-esportiva-da-sel-comecam-na-proxima-semana","status":"publish","type":"post","link":"https:\/\/diarioregionaldigital.com.br\/?p=130517","title":{"rendered":"Inscri\u00e7\u00f5es para \u201cCol\u00f4nia de F\u00e9rias Esportiva da SEL\u201d come\u00e7am na pr\u00f3xima semana"},"content":{"rendered":"<p>As inscri\u00e7\u00f5es para a &#8220;Col\u00f4nia de F\u00e9rias Esportiva da Secretaria de Esporte e Lazer (SEL)\u201d poder\u00e3o ser feitas gratuitamente a partir de segunda-feira, 14, das 8 \u00e0s 12 horas e das 14 \u00e0s 18 horas, na SEL, na Avenida Rui Barbosa, 530, Bairro Santa Terezinha. Durante a semana acontecer\u00e3o oficinas recreativas e esportivas, atividades aqu\u00e1ticas, visita ao Museu \u201cMariano Proc\u00f3pio\u201d, sess\u00e3o pipoca e conta\u00e7\u00e3o de hist\u00f3rias, entre outros itens. A col\u00f4nia de f\u00e9rias come\u00e7ar\u00e1 na segunda-feira, 21, e terminar\u00e1 na quinta-feira, 31. O evento \u00e9 voltado para crian\u00e7as de seis a 12 anos e as vagas s\u00e3o limitadas.<\/p>\n<p><em>Fonte: PJF<\/em><\/p>\n","protected":false},"excerpt":{"rendered":"<p>As inscri\u00e7\u00f5es para a &#8220;Col\u00f4nia de F\u00e9rias Esportiva da Secretaria de Esporte e Lazer (SEL)\u201d poder\u00e3o ser feitas gratuitamente a partir de segunda-feira, 14, das 8 \u00e0s 12 horas e das 14 \u00e0s 18 horas, na SEL, na Avenida Rui Barbosa, 530, Bairro Santa Terezinha. Durante a semana acontecer\u00e3o oficinas recreativas e esportivas, atividades aqu\u00e1ticas, [&hellip;]<\/p>\n","protected":false},"author":96,"featured_media":112697,"comment_status":"closed","ping_status":"closed","sticky":false,"template":"","format":"standard","meta":{"footnotes":""},"categories":[253,439],"tags":[],"class_list":["post-130517","post","type-post","status-publish","format-standard","has-post-thumbnail","hentry","category-cidade","category-ultima-hora"],"_links":{"self":[{"href":"https:\/\/diarioregionaldigital.com.br\/index.php?rest_route=\/wp\/v2\/posts\/130517","targetHints":{"allow":["GET"]}}],"collection":[{"href":"https:\/\/diarioregionaldigital.com.br\/index.php?rest_route=\/wp\/v2\/posts"}],"about":[{"href":"https:\/\/diarioregionaldigital.com.br\/index.php?rest_route=\/wp\/v2\/types\/post"}],"author":[{"embeddable":true,"href":"https:\/\/diarioregionaldigital.com.br\/index.php?rest_route=\/wp\/v2\/users\/96"}],"replies":[{"embeddable":true,"href":"https:\/\/diarioregionaldigital.com.br\/index.php?rest_route=%2Fwp%2Fv2%2Fcomments&post=130517"}],"version-history":[{"count":0,"href":"https:\/\/diarioregionaldigital.com.br\/index.php?rest_route=\/wp\/v2\/posts\/130517\/revisions"}],"wp:featuredmedia":[{"embeddable":true,"href":"https:\/\/diarioregionaldigital.com.br\/index.php?rest_route=\/wp\/v2\/media\/112697"}],"wp:attachment":[{"href":"https:\/\/diarioregionaldigital.com.br\/index.php?rest_route=%2Fwp%2Fv2%2Fmedia&parent=130517"}],"wp:term":[{"taxonomy":"category","embeddable":true,"href":"https:\/\/diarioregionaldigital.com.br\/index.php?rest_route=%2Fwp%2Fv2%2Fcategories&post=130517"},{"taxonomy":"post_tag","embeddable":true,"href":"https:\/\/diarioregionaldigital.com.br\/index.php?rest_route=%2Fwp%2Fv2%2Ftags&post=130517"}],"curies":[{"name":"wp","href":"https:\/\/api.w.org\/{rel}","templated":true}]}}