{"id":130474,"date":"2019-01-10T06:00:24","date_gmt":"2019-01-10T08:00:24","guid":{"rendered":"https:\/\/diarioregionaldigital.com.br\/?p=130474"},"modified":"2019-01-10T09:05:37","modified_gmt":"2019-01-10T11:05:37","slug":"horta-comunitaria-no-bairro-benfica-sera-inaugurada-este-mes","status":"publish","type":"post","link":"https:\/\/diarioregionaldigital.com.br\/?p=130474","title":{"rendered":"Horta comunit\u00e1ria no bairro Benfica ser\u00e1 inaugurada este m\u00eas"},"content":{"rendered":"<p>No m\u00eas de janeiro, o bairro Benfica, regi\u00e3o Norte de Juiz de Fora, receber\u00e1 um novo projeto comunit\u00e1rio. A Horta Comunit\u00e1ria, idealizada por Arimateia Neves e Jos\u00e9 Maria Tomaz, ganhar\u00e1 vida em um espa\u00e7o cedido pela empresa MRS Log\u00edstica e vai levar um novo espa\u00e7o \u00e0 comunidade.<\/p>\n<p>A horta fica \u00e0s margens da linha f\u00e9rrea que corta o bairro. No local havia muito entulho e lixo e era considerado perigoso pelos moradores da regi\u00e3o. Em julho de 2018, a MRS tomou conhecimento de uma den\u00fancia feita atrav\u00e9s das redes sociais, como conta a Analista de Rela\u00e7\u00f5es Institucionais de Minas Gerais da MRS, Tathiane Miranda.\u201cEsse era um problema que estava no nosso radar porque sempre realiz\u00e1vamos limpeza no local que era um ponto de descarte de entulho. A gente tinha muita dificuldade de identificar quem eram as pessoas que descartavam lixo \u00e1rea e sempre que limp\u00e1vamos tinha o alto custo da manuten\u00e7\u00e3o\u201d, disse. Ap\u00f3s identificarem o respons\u00e1vel pela publica\u00e7\u00e3o e perceberem a atua\u00e7\u00e3o dele na comunidade de Benfica, a MRS fez contato com o morador e outros representantes para tratar sobre a \u00e1rea em quest\u00e3o.<\/p>\n<p>O problema pesava para os dois lados, empresa e comunidade. Em busca de uma solu\u00e7\u00e3o para o problema, as partes envolvidas tiveram a ideia da Horta Comunit\u00e1ria. \u201cAs expectativas estavam alinhadas e n\u00f3s da MRS come\u00e7amos a avaliar se esse projeto seria poss\u00edvel. Os moradores tinham a inten\u00e7\u00e3o de idealizar a horta e a gente j\u00e1 conhecia casos de sucessos de hortas implantadas \u00e0s margens das ferrovias\u201d, disse a analista. Definida como seria feita a utiliza\u00e7\u00e3o da \u00e1rea, em outubro do \u00faltimo ano, a MRS cercou o espa\u00e7o para dar in\u00edcio ao projeto comunit\u00e1rio. Todo o espa\u00e7o foi avaliado tendo como base diferentes quest\u00f5es como, por exemplo, a seguran\u00e7a. \u201cFizemos um termo de permiss\u00e3o de uso junto com a associa\u00e7\u00e3o de moradores. A \u00e1rea permanece como uma \u00e1rea da MRS, mas a associa\u00e7\u00e3o tem a permiss\u00e3o para constru\u00e7\u00e3o dessa horta. Al\u00e9m disso, buscamos recursos para realizar. E muitos custos a pr\u00f3pria comunidade estava disposta a angariar\u201d, explica.<\/p>\n<div id=\"attachment_130476\" style=\"width: 1034px\" class=\"wp-caption aligncenter\"><img loading=\"lazy\" decoding=\"async\" aria-describedby=\"caption-attachment-130476\" class=\"wp-image-130476 size-large\" src=\"https:\/\/diarioregionaldigital.com.br\/wp-content\/uploads\/2019\/01\/Divulga\u00e7\u00e3o-usar-essa-2-1024x688.jpg\" alt=\"\" width=\"1024\" height=\"688\" srcset=\"https:\/\/diarioregionaldigital.com.br\/wp-content\/uploads\/2019\/01\/Divulga\u00e7\u00e3o-usar-essa-2-1024x688.jpg 1024w, https:\/\/diarioregionaldigital.com.br\/wp-content\/uploads\/2019\/01\/Divulga\u00e7\u00e3o-usar-essa-2-300x201.jpg 300w, https:\/\/diarioregionaldigital.com.br\/wp-content\/uploads\/2019\/01\/Divulga\u00e7\u00e3o-usar-essa-2-768x516.jpg 768w, https:\/\/diarioregionaldigital.com.br\/wp-content\/uploads\/2019\/01\/Divulga\u00e7\u00e3o-usar-essa-2-360x242.jpg 360w\" sizes=\"auto, (max-width: 1024px) 100vw, 1024px\" \/><p id=\"caption-attachment-130476\" class=\"wp-caption-text\">O projeto n\u00e3o tem fins lucrativos e os participantes s\u00e3o volunt\u00e1rios. Foto: Divulga\u00e7\u00e3o MRS<\/p><\/div>\n<p>Arimateia Neves e Jos\u00e9 Maria Tomaz, contando com todo o apoio dos moradores, passaram a dar vida ao espa\u00e7o que antes era utilizado de forma indevida como local de descarte de lixo e foi se transformando em um importante projeto para beneficiar a comunidade. \u201cA popula\u00e7\u00e3o recebeu a ideia muito bem e est\u00e3o dando o maior apoio, participando e comentando. Estamos muito satisfeitos.A gente achou que n\u00e3o iria acontecer. O projeto est\u00e1 t\u00e3o bonito que est\u00e1 todo mundo elogiando\u201d, disse Neves. Ele ainda conta que a comunidade conseguiu todo o esterco para os canteiros. Al\u00e9m disso, com apoio volunt\u00e1rio, realizaram toda a pintura do local. \u201cA MRS disponibilizou pra gente 800 mudas e n\u00f3s juntamos com algumas outras e realizamos a planta\u00e7\u00e3o\u201d, conta.<\/p>\n<p>O projeto n\u00e3o tem fins lucrativos e os participantes s\u00e3o volunt\u00e1rios. A Horta Comunit\u00e1ria \u00e9 a primeira realizada pela MRS, com faixa de dom\u00ednio da mesma,e tamb\u00e9m a primeira de Minas Gerais. Tudo que for plantado e colhido na horta ser\u00e1 doado para escolas, creches e associa\u00e7\u00f5es e fam\u00edlias carentes do bairro Benfica e regi\u00e3o.<\/p>\n<p>Agora, o espa\u00e7o ter\u00e1 utilidade para a sociedade. A inaugura\u00e7\u00e3o ser\u00e1 no dia 19 de janeiro, \u00e0s 9h da manh\u00e3. O projeto vai homenagear um morador e feirante conhecido na comunidade e receber\u00e1 o nome de \u201cHorta Comunit\u00e1ria Sebasti\u00e3o Duque\u201d, conhecido como \u2018Ti\u00e3o Duque da Feira Livre\u2019. Crian\u00e7as de uma creche localizada na comunidade v\u00e3o estar presentes durante o evento para realizar o plantio em um dos canteiros.<\/p>\n","protected":false},"excerpt":{"rendered":"<p>No m\u00eas de janeiro, o bairro Benfica, regi\u00e3o Norte de Juiz de Fora, receber\u00e1 um novo projeto comunit\u00e1rio. A Horta Comunit\u00e1ria, idealizada por Arimateia Neves e Jos\u00e9 Maria Tomaz, ganhar\u00e1 vida em um espa\u00e7o cedido pela empresa MRS Log\u00edstica e vai levar um novo espa\u00e7o \u00e0 comunidade. A horta fica \u00e0s margens da linha f\u00e9rrea [&hellip;]<\/p>\n","protected":false},"author":96,"featured_media":130475,"comment_status":"closed","ping_status":"closed","sticky":false,"template":"","format":"standard","meta":{"footnotes":""},"categories":[253,436,440,439],"tags":[],"class_list":["post-130474","post","type-post","status-publish","format-standard","has-post-thumbnail","hentry","category-cidade","category-destaque-da-semana","category-destaques-do-dia","category-ultima-hora"],"_links":{"self":[{"href":"https:\/\/diarioregionaldigital.com.br\/index.php?rest_route=\/wp\/v2\/posts\/130474","targetHints":{"allow":["GET"]}}],"collection":[{"href":"https:\/\/diarioregionaldigital.com.br\/index.php?rest_route=\/wp\/v2\/posts"}],"about":[{"href":"https:\/\/diarioregionaldigital.com.br\/index.php?rest_route=\/wp\/v2\/types\/post"}],"author":[{"embeddable":true,"href":"https:\/\/diarioregionaldigital.com.br\/index.php?rest_route=\/wp\/v2\/users\/96"}],"replies":[{"embeddable":true,"href":"https:\/\/diarioregionaldigital.com.br\/index.php?rest_route=%2Fwp%2Fv2%2Fcomments&post=130474"}],"version-history":[{"count":0,"href":"https:\/\/diarioregionaldigital.com.br\/index.php?rest_route=\/wp\/v2\/posts\/130474\/revisions"}],"wp:featuredmedia":[{"embeddable":true,"href":"https:\/\/diarioregionaldigital.com.br\/index.php?rest_route=\/wp\/v2\/media\/130475"}],"wp:attachment":[{"href":"https:\/\/diarioregionaldigital.com.br\/index.php?rest_route=%2Fwp%2Fv2%2Fmedia&parent=130474"}],"wp:term":[{"taxonomy":"category","embeddable":true,"href":"https:\/\/diarioregionaldigital.com.br\/index.php?rest_route=%2Fwp%2Fv2%2Fcategories&post=130474"},{"taxonomy":"post_tag","embeddable":true,"href":"https:\/\/diarioregionaldigital.com.br\/index.php?rest_route=%2Fwp%2Fv2%2Ftags&post=130474"}],"curies":[{"name":"wp","href":"https:\/\/api.w.org\/{rel}","templated":true}]}}