{"id":130462,"date":"2019-01-10T06:00:30","date_gmt":"2019-01-10T08:00:30","guid":{"rendered":"https:\/\/diarioregionaldigital.com.br\/?p=130462"},"modified":"2019-01-09T18:48:16","modified_gmt":"2019-01-09T20:48:16","slug":"prefeitura-coronel-pacheco-licitacao-no002-10-01-19","status":"publish","type":"post","link":"https:\/\/diarioregionaldigital.com.br\/?p=130462","title":{"rendered":"Prefeitura Coronel Pacheco &#8211; Licita\u00e7\u00e3o n\u00ba002 &#8211; 10\/01\/19"},"content":{"rendered":"<p class=\"WW-Corpodetexto3\" align=\"center\"><strong>AVISO DE LICITA\u00c7\u00c3O<\/strong><\/p>\n<p class=\"WW-Corpodetexto3\" align=\"center\"><strong>TOMADA DE PRE\u00c7OS 002\/2018<\/strong><\/p>\n<p class=\"WW-Corpodetexto3\" style=\"line-height: 150%; tab-stops: 126.0pt;\">O Munic\u00edpio de Coronel Pacheco, por interm\u00e9dio da Comiss\u00e3o Permanente de Licita\u00e7\u00e3o, torna p\u00fablica a realiza\u00e7\u00e3o de LICITA\u00c7\u00c3O no dia e hor\u00e1rio abaixo relacionados:<\/p>\n<p class=\"WW-Corpodetexto3\" style=\"tab-stops: 126.0pt;\"><strong>OBJETO:<\/strong> <span style=\"color: black;\">Aquisi\u00e7\u00e3o de medicamentos <\/span><\/p>\n<p class=\"WW-Corpodetexto3\" style=\"tab-stops: 126.0pt;\"><strong>TIPO:<\/strong> MENOR PRE\u00c7O POR ITEM<\/p>\n<p class=\"WW-Corpodetexto3\" style=\"tab-stops: 126.0pt;\"><strong>ABERTURA DOS ENVELOPES:<\/strong> 09 de mar\u00e7o de 2018<\/p>\n<p class=\"WW-Corpodetexto3\" style=\"tab-stops: 126.0pt;\"><strong>HOR\u00c1RIO:<\/strong> 10:00 h<\/p>\n<p class=\"WW-Corpodetexto3\" style=\"line-height: 150%; tab-stops: 126.0pt;\">Os interessados poder\u00e3o obter maiores informa\u00e7\u00f5es no setor de licita\u00e7\u00f5es da Prefeitura Municipal de Coronel Pacheco, com sede na Pra\u00e7a Carlos Chagas, sn\u00ba , Centro, Tel: (32) 3258-1112 ou 32581131.<\/p>\n<p class=\"WW-Corpodetexto3\" style=\"text-align: center; tab-stops: 126.0pt;\" align=\"center\"><strong>Charles Jean Ferreira de Rezende<\/strong><\/p>\n<p class=\"WW-Corpodetexto3\" style=\"text-align: center; tab-stops: 126.0pt;\" align=\"center\"><strong>Presidente da Comiss\u00e3o de Licita\u00e7\u00e3o<\/strong><\/p>\n","protected":false},"excerpt":{"rendered":"<p>AVISO DE LICITA\u00c7\u00c3O TOMADA DE PRE\u00c7OS 002\/2018 O Munic\u00edpio de Coronel Pacheco, por interm\u00e9dio da Comiss\u00e3o Permanente de Licita\u00e7\u00e3o, torna p\u00fablica a realiza\u00e7\u00e3o de LICITA\u00c7\u00c3O no dia e hor\u00e1rio abaixo relacionados: OBJETO: Aquisi\u00e7\u00e3o de medicamentos TIPO: MENOR PRE\u00c7O POR ITEM ABERTURA DOS ENVELOPES: 09 de mar\u00e7o de 2018 HOR\u00c1RIO: 10:00 h Os interessados poder\u00e3o obter [&hellip;]<\/p>\n","protected":false},"author":96,"featured_media":0,"comment_status":"closed","ping_status":"closed","sticky":false,"template":"","format":"standard","meta":{"footnotes":""},"categories":[307],"tags":[],"class_list":["post-130462","post","type-post","status-publish","format-standard","hentry","category-editais"],"_links":{"self":[{"href":"https:\/\/diarioregionaldigital.com.br\/index.php?rest_route=\/wp\/v2\/posts\/130462","targetHints":{"allow":["GET"]}}],"collection":[{"href":"https:\/\/diarioregionaldigital.com.br\/index.php?rest_route=\/wp\/v2\/posts"}],"about":[{"href":"https:\/\/diarioregionaldigital.com.br\/index.php?rest_route=\/wp\/v2\/types\/post"}],"author":[{"embeddable":true,"href":"https:\/\/diarioregionaldigital.com.br\/index.php?rest_route=\/wp\/v2\/users\/96"}],"replies":[{"embeddable":true,"href":"https:\/\/diarioregionaldigital.com.br\/index.php?rest_route=%2Fwp%2Fv2%2Fcomments&post=130462"}],"version-history":[{"count":0,"href":"https:\/\/diarioregionaldigital.com.br\/index.php?rest_route=\/wp\/v2\/posts\/130462\/revisions"}],"wp:attachment":[{"href":"https:\/\/diarioregionaldigital.com.br\/index.php?rest_route=%2Fwp%2Fv2%2Fmedia&parent=130462"}],"wp:term":[{"taxonomy":"category","embeddable":true,"href":"https:\/\/diarioregionaldigital.com.br\/index.php?rest_route=%2Fwp%2Fv2%2Fcategories&post=130462"},{"taxonomy":"post_tag","embeddable":true,"href":"https:\/\/diarioregionaldigital.com.br\/index.php?rest_route=%2Fwp%2Fv2%2Ftags&post=130462"}],"curies":[{"name":"wp","href":"https:\/\/api.w.org\/{rel}","templated":true}]}}