{"id":130458,"date":"2019-01-10T06:00:33","date_gmt":"2019-01-10T08:00:33","guid":{"rendered":"https:\/\/diarioregionaldigital.com.br\/?p=130458"},"modified":"2019-01-09T20:57:11","modified_gmt":"2019-01-09T22:57:11","slug":"descanso","status":"publish","type":"post","link":"https:\/\/diarioregionaldigital.com.br\/?p=130458","title":{"rendered":"Descanso"},"content":{"rendered":"<p style=\"text-align: center;\"><strong>Livro<\/strong><\/p>\n<p style=\"text-align: center;\">Catalogada como uma das melhores administradoras de empresas, com foco em marketing, a professora Luciane Penna Bellini lan\u00e7ou o livro \u201cSociedade e Consumo\u201d com parceria produtiva com o professor e orientador Luiz Fernando Hor-Meyll \u00c1lvares. A obra \u00e9 resultado de sua tese de doutorado na PUC\/Rio.<\/p>\n<p style=\"text-align: center;\"><strong>Descanso<\/strong><\/p>\n<p style=\"text-align: center;\">Olha s\u00f3: neste 2019, ano quase sem feriad\u00f5es, as buscas no Google pelo tema aumentaram 124% na primeira semana de janeiro em rela\u00e7\u00e3o a todo o m\u00eas em 2018. Na pauta, mais trabalho e menos descanso.<\/p>\n<p style=\"text-align: center;\"><strong>Bem a Prop\u00f3sito<\/strong><\/p>\n<p style=\"text-align: center;\">Publicado pela primeira vez em 1999, o livro \u201cA domina\u00e7\u00e3o masculina &#8211; e a viol\u00eancia simb\u00f3lica\u201d de Pierre Bourdieu, ser\u00e1 relan\u00e7ado pela Bertrand Brasil este m\u00eas. Cl\u00e1ssico da antropologia, pode ser considerado precursor do menino e menina vestem as cores que quiserem.<\/p>\n<p style=\"text-align: center;\"><strong>Em Alta<\/strong><\/p>\n<p style=\"text-align: center;\">Foi um sucesso o jantar argentino promovido pelo Clube do Filet. Na mesa empanadas e chorizos no card\u00e1pio harmonizados com vinhos portenhos. Ali\u00e1s, os comensais aplaudiram os vinhos apresentados pelos \u201cSommeliers\u201d Humberto de Moraes e Pollyana Gomes, da Premium Importadora.<\/p>\n<p style=\"text-align: center;\"><strong>Economia<\/strong><\/p>\n<p style=\"text-align: center;\">Com a miss\u00e3o de serem mais enxutos e focados em seus \u201cobjetos sociais\u201d sob o novo governo, os bancos p\u00fablicos ter\u00e3o o desafio de manter a relev\u00e2ncia mesmo com participa\u00e7\u00e3o menor no cr\u00e9dito e de adaptar a estrutura para atua\u00e7\u00e3o mais restrita. Para manter relev\u00e2ncia com participa\u00e7\u00e3o menor no cr\u00e9dito, ser\u00e1 preciso adaptar estrutura e reduzir custos.<\/p>\n<div id=\"attachment_130429\" style=\"width: 690px\" class=\"wp-caption aligncenter\"><img loading=\"lazy\" decoding=\"async\" aria-describedby=\"caption-attachment-130429\" class=\"wp-image-130429\" src=\"https:\/\/diarioregionaldigital.com.br\/wp-content\/uploads\/2019\/01\/fotoaa-2-e1547065685705.jpg\" alt=\"\" width=\"680\" height=\"559\" srcset=\"https:\/\/diarioregionaldigital.com.br\/wp-content\/uploads\/2019\/01\/fotoaa-2-e1547065685705.jpg 540w, https:\/\/diarioregionaldigital.com.br\/wp-content\/uploads\/2019\/01\/fotoaa-2-e1547065685705-300x247.jpg 300w, https:\/\/diarioregionaldigital.com.br\/wp-content\/uploads\/2019\/01\/fotoaa-2-e1547065685705-220x180.jpg 220w, https:\/\/diarioregionaldigital.com.br\/wp-content\/uploads\/2019\/01\/fotoaa-2-e1547065685705-360x296.jpg 360w\" sizes=\"auto, (max-width: 680px) 100vw, 680px\" \/><p id=\"caption-attachment-130429\" class=\"wp-caption-text\">Os empres\u00e1rios do momento, Ricardo Alex e M\u00e1rcio Marques lan\u00e7am nesta 5\u00aa feira, a bonita cole\u00e7\u00e3o alto-ver\u00e3o na M.Marques<\/p><\/div>\n<div id=\"attachment_130430\" style=\"width: 690px\" class=\"wp-caption aligncenter\"><img loading=\"lazy\" decoding=\"async\" aria-describedby=\"caption-attachment-130430\" class=\"wp-image-130430\" src=\"https:\/\/diarioregionaldigital.com.br\/wp-content\/uploads\/2019\/01\/fotoaa2-e1547065705293.jpg\" alt=\"\" width=\"680\" height=\"533\" srcset=\"https:\/\/diarioregionaldigital.com.br\/wp-content\/uploads\/2019\/01\/fotoaa2-e1547065705293.jpg 768w, https:\/\/diarioregionaldigital.com.br\/wp-content\/uploads\/2019\/01\/fotoaa2-e1547065705293-300x235.jpg 300w, https:\/\/diarioregionaldigital.com.br\/wp-content\/uploads\/2019\/01\/fotoaa2-e1547065705293-360x282.jpg 360w\" sizes=\"auto, (max-width: 680px) 100vw, 680px\" \/><p id=\"caption-attachment-130430\" class=\"wp-caption-text\">No ver\u00e3o do Rio de Janeiro, o moreno sangue bom, Cesar Monteiro<\/p><\/div>\n<div id=\"attachment_130434\" style=\"width: 690px\" class=\"wp-caption aligncenter\"><img loading=\"lazy\" decoding=\"async\" aria-describedby=\"caption-attachment-130434\" class=\"wp-image-130434\" src=\"https:\/\/diarioregionaldigital.com.br\/wp-content\/uploads\/2019\/01\/fotod-5-e1547065819706.jpg\" alt=\"\" width=\"680\" height=\"495\" srcset=\"https:\/\/diarioregionaldigital.com.br\/wp-content\/uploads\/2019\/01\/fotod-5-e1547065819706.jpg 1547w, https:\/\/diarioregionaldigital.com.br\/wp-content\/uploads\/2019\/01\/fotod-5-e1547065819706-300x218.jpg 300w, https:\/\/diarioregionaldigital.com.br\/wp-content\/uploads\/2019\/01\/fotod-5-e1547065819706-768x559.jpg 768w, https:\/\/diarioregionaldigital.com.br\/wp-content\/uploads\/2019\/01\/fotod-5-e1547065819706-1024x745.jpg 1024w, https:\/\/diarioregionaldigital.com.br\/wp-content\/uploads\/2019\/01\/fotod-5-e1547065819706-360x262.jpg 360w\" sizes=\"auto, (max-width: 680px) 100vw, 680px\" \/><p id=\"caption-attachment-130434\" class=\"wp-caption-text\">Paulinho Jal\u00e3o e Vera Reis sintonizados com o ver\u00e3o de Juiz de Fora<\/p><\/div>\n<div id=\"attachment_130435\" style=\"width: 690px\" class=\"wp-caption aligncenter\"><img loading=\"lazy\" decoding=\"async\" aria-describedby=\"caption-attachment-130435\" class=\"wp-image-130435\" src=\"https:\/\/diarioregionaldigital.com.br\/wp-content\/uploads\/2019\/01\/fotoe-5-e1547065838107.jpg\" alt=\"\" width=\"680\" height=\"473\" srcset=\"https:\/\/diarioregionaldigital.com.br\/wp-content\/uploads\/2019\/01\/fotoe-5-e1547065838107.jpg 1683w, https:\/\/diarioregionaldigital.com.br\/wp-content\/uploads\/2019\/01\/fotoe-5-e1547065838107-300x210.jpg 300w, https:\/\/diarioregionaldigital.com.br\/wp-content\/uploads\/2019\/01\/fotoe-5-e1547065838107-768x534.jpg 768w, https:\/\/diarioregionaldigital.com.br\/wp-content\/uploads\/2019\/01\/fotoe-5-e1547065838107-1024x712.jpg 1024w, https:\/\/diarioregionaldigital.com.br\/wp-content\/uploads\/2019\/01\/fotoe-5-e1547065838107-360x250.jpg 360w, https:\/\/diarioregionaldigital.com.br\/wp-content\/uploads\/2019\/01\/fotoe-5-e1547065838107-100x70.jpg 100w\" sizes=\"auto, (max-width: 680px) 100vw, 680px\" \/><p id=\"caption-attachment-130435\" class=\"wp-caption-text\">Em noite social, gente antenada em close para a coluna, Rodrigo Motta, Guta Lacerda, Tairone Valle<\/p><\/div>\n<div id=\"attachment_130433\" style=\"width: 690px\" class=\"wp-caption aligncenter\"><img loading=\"lazy\" decoding=\"async\" aria-describedby=\"caption-attachment-130433\" class=\"wp-image-130433\" src=\"https:\/\/diarioregionaldigital.com.br\/wp-content\/uploads\/2019\/01\/fotoc-5-e1547065788289.jpg\" alt=\"\" width=\"680\" height=\"542\" srcset=\"https:\/\/diarioregionaldigital.com.br\/wp-content\/uploads\/2019\/01\/fotoc-5-e1547065788289.jpg 1174w, https:\/\/diarioregionaldigital.com.br\/wp-content\/uploads\/2019\/01\/fotoc-5-e1547065788289-300x239.jpg 300w, https:\/\/diarioregionaldigital.com.br\/wp-content\/uploads\/2019\/01\/fotoc-5-e1547065788289-768x612.jpg 768w, https:\/\/diarioregionaldigital.com.br\/wp-content\/uploads\/2019\/01\/fotoc-5-e1547065788289-1024x816.jpg 1024w, https:\/\/diarioregionaldigital.com.br\/wp-content\/uploads\/2019\/01\/fotoc-5-e1547065788289-360x287.jpg 360w\" sizes=\"auto, (max-width: 680px) 100vw, 680px\" \/><p id=\"caption-attachment-130433\" class=\"wp-caption-text\">A professora e atleta Neuza Marsicano festejando o batizado do neto, Matheus Marsicano Mendes, na Igreja S\u00e3o Mateus<\/p><\/div>\n<div id=\"attachment_130438\" style=\"width: 690px\" class=\"wp-caption aligncenter\"><img loading=\"lazy\" decoding=\"async\" aria-describedby=\"caption-attachment-130438\" class=\"wp-image-130438\" src=\"https:\/\/diarioregionaldigital.com.br\/wp-content\/uploads\/2019\/01\/fotoh-4-e1547065886246.jpg\" alt=\"\" width=\"680\" height=\"485\" srcset=\"https:\/\/diarioregionaldigital.com.br\/wp-content\/uploads\/2019\/01\/fotoh-4-e1547065886246.jpg 885w, https:\/\/diarioregionaldigital.com.br\/wp-content\/uploads\/2019\/01\/fotoh-4-e1547065886246-300x214.jpg 300w, https:\/\/diarioregionaldigital.com.br\/wp-content\/uploads\/2019\/01\/fotoh-4-e1547065886246-768x548.jpg 768w, https:\/\/diarioregionaldigital.com.br\/wp-content\/uploads\/2019\/01\/fotoh-4-e1547065886246-360x257.jpg 360w, https:\/\/diarioregionaldigital.com.br\/wp-content\/uploads\/2019\/01\/fotoh-4-e1547065886246-100x70.jpg 100w\" sizes=\"auto, (max-width: 680px) 100vw, 680px\" \/><p id=\"caption-attachment-130438\" class=\"wp-caption-text\">A bonita L\u00edvia Cristina em sua formatura do Ensino M\u00e9dio no Green Hill ladeada de Cleuza Couto e seu pai Leonardo Jesus<\/p><\/div>\n<div id=\"attachment_130432\" style=\"width: 690px\" class=\"wp-caption aligncenter\"><img loading=\"lazy\" decoding=\"async\" aria-describedby=\"caption-attachment-130432\" class=\"wp-image-130432\" src=\"https:\/\/diarioregionaldigital.com.br\/wp-content\/uploads\/2019\/01\/fotobb-1-e1547066120239.jpg\" alt=\"\" width=\"680\" height=\"525\" srcset=\"https:\/\/diarioregionaldigital.com.br\/wp-content\/uploads\/2019\/01\/fotobb-1-e1547066120239.jpg 691w, https:\/\/diarioregionaldigital.com.br\/wp-content\/uploads\/2019\/01\/fotobb-1-e1547066120239-300x232.jpg 300w, https:\/\/diarioregionaldigital.com.br\/wp-content\/uploads\/2019\/01\/fotobb-1-e1547066120239-360x278.jpg 360w\" sizes=\"auto, (max-width: 680px) 100vw, 680px\" \/><p id=\"caption-attachment-130432\" class=\"wp-caption-text\">Estilo chap\u00e9u de palha customizado revela o charme de Arone Souza, em Lavras (MG)<\/p><\/div>\n<div id=\"attachment_130441\" style=\"width: 690px\" class=\"wp-caption aligncenter\"><img loading=\"lazy\" decoding=\"async\" aria-describedby=\"caption-attachment-130441\" class=\"wp-image-130441\" src=\"https:\/\/diarioregionaldigital.com.br\/wp-content\/uploads\/2019\/01\/fotol-4-e1547065931237.jpg\" alt=\"\" width=\"680\" height=\"545\" srcset=\"https:\/\/diarioregionaldigital.com.br\/wp-content\/uploads\/2019\/01\/fotol-4-e1547065931237.jpg 464w, https:\/\/diarioregionaldigital.com.br\/wp-content\/uploads\/2019\/01\/fotol-4-e1547065931237-300x241.jpg 300w, https:\/\/diarioregionaldigital.com.br\/wp-content\/uploads\/2019\/01\/fotol-4-e1547065931237-360x289.jpg 360w\" sizes=\"auto, (max-width: 680px) 100vw, 680px\" \/><p id=\"caption-attachment-130441\" class=\"wp-caption-text\">Em tarde ensolarada de festa em Santos Dumont Guacira Assanan e o coiffeur Jorge Modesto<\/p><\/div>\n<div id=\"attachment_130456\" style=\"width: 690px\" class=\"wp-caption aligncenter\"><img loading=\"lazy\" decoding=\"async\" aria-describedby=\"caption-attachment-130456\" class=\"wp-image-130456\" src=\"https:\/\/diarioregionaldigital.com.br\/wp-content\/uploads\/2019\/01\/fotog-6-e1547065947326.jpg\" alt=\"\" width=\"680\" height=\"533\" srcset=\"https:\/\/diarioregionaldigital.com.br\/wp-content\/uploads\/2019\/01\/fotog-6-e1547065947326.jpg 914w, https:\/\/diarioregionaldigital.com.br\/wp-content\/uploads\/2019\/01\/fotog-6-e1547065947326-300x235.jpg 300w, https:\/\/diarioregionaldigital.com.br\/wp-content\/uploads\/2019\/01\/fotog-6-e1547065947326-768x602.jpg 768w, https:\/\/diarioregionaldigital.com.br\/wp-content\/uploads\/2019\/01\/fotog-6-e1547065947326-360x282.jpg 360w\" sizes=\"auto, (max-width: 680px) 100vw, 680px\" \/><p id=\"caption-attachment-130456\" class=\"wp-caption-text\">Mulheres-rainha em ritmo de happening, Amanda Malatesta e Meire Milhomens<\/p><\/div>\n<div id=\"attachment_130431\" style=\"width: 690px\" class=\"wp-caption aligncenter\"><img loading=\"lazy\" decoding=\"async\" aria-describedby=\"caption-attachment-130431\" class=\"wp-image-130431\" src=\"https:\/\/diarioregionaldigital.com.br\/wp-content\/uploads\/2019\/01\/fotob-5-e1547065732112.jpg\" alt=\"\" width=\"680\" height=\"476\" srcset=\"https:\/\/diarioregionaldigital.com.br\/wp-content\/uploads\/2019\/01\/fotob-5-e1547065732112.jpg 1180w, https:\/\/diarioregionaldigital.com.br\/wp-content\/uploads\/2019\/01\/fotob-5-e1547065732112-300x210.jpg 300w, https:\/\/diarioregionaldigital.com.br\/wp-content\/uploads\/2019\/01\/fotob-5-e1547065732112-768x538.jpg 768w, https:\/\/diarioregionaldigital.com.br\/wp-content\/uploads\/2019\/01\/fotob-5-e1547065732112-1024x717.jpg 1024w, https:\/\/diarioregionaldigital.com.br\/wp-content\/uploads\/2019\/01\/fotob-5-e1547065732112-360x252.jpg 360w, https:\/\/diarioregionaldigital.com.br\/wp-content\/uploads\/2019\/01\/fotob-5-e1547065732112-100x70.jpg 100w\" sizes=\"auto, (max-width: 680px) 100vw, 680px\" \/><p id=\"caption-attachment-130431\" class=\"wp-caption-text\">Amigos lindos cariocando no Rio, J\u00fanio Martins e Nikki Cursino e Harley Charnenck<\/p><\/div>\n<div id=\"attachment_130457\" style=\"width: 690px\" class=\"wp-caption aligncenter\"><img loading=\"lazy\" decoding=\"async\" aria-describedby=\"caption-attachment-130457\" class=\"wp-image-130457\" src=\"https:\/\/diarioregionaldigital.com.br\/wp-content\/uploads\/2019\/01\/fotoi-6-e1547065966437.jpg\" alt=\"\" width=\"680\" height=\"455\" srcset=\"https:\/\/diarioregionaldigital.com.br\/wp-content\/uploads\/2019\/01\/fotoi-6-e1547065966437.jpg 842w, https:\/\/diarioregionaldigital.com.br\/wp-content\/uploads\/2019\/01\/fotoi-6-e1547065966437-300x201.jpg 300w, https:\/\/diarioregionaldigital.com.br\/wp-content\/uploads\/2019\/01\/fotoi-6-e1547065966437-768x514.jpg 768w, https:\/\/diarioregionaldigital.com.br\/wp-content\/uploads\/2019\/01\/fotoi-6-e1547065966437-360x241.jpg 360w\" sizes=\"auto, (max-width: 680px) 100vw, 680px\" \/><p id=\"caption-attachment-130457\" class=\"wp-caption-text\">Curtindo a academia do samba no Parque Halfeld, Rodrigo Loures, Sarah Costa, Andrea Pereira, Teresa Braga e Lidiane Stambassi<\/p><\/div>\n<div id=\"attachment_130436\" style=\"width: 690px\" class=\"wp-caption aligncenter\"><img loading=\"lazy\" decoding=\"async\" aria-describedby=\"caption-attachment-130436\" class=\"wp-image-130436\" src=\"https:\/\/diarioregionaldigital.com.br\/wp-content\/uploads\/2019\/01\/fotof-4-e1547065870788.jpg\" alt=\"\" width=\"680\" height=\"501\" srcset=\"https:\/\/diarioregionaldigital.com.br\/wp-content\/uploads\/2019\/01\/fotof-4-e1547065870788.jpg 868w, https:\/\/diarioregionaldigital.com.br\/wp-content\/uploads\/2019\/01\/fotof-4-e1547065870788-300x221.jpg 300w, https:\/\/diarioregionaldigital.com.br\/wp-content\/uploads\/2019\/01\/fotof-4-e1547065870788-768x566.jpg 768w, https:\/\/diarioregionaldigital.com.br\/wp-content\/uploads\/2019\/01\/fotof-4-e1547065870788-360x265.jpg 360w\" sizes=\"auto, (max-width: 680px) 100vw, 680px\" \/><p id=\"caption-attachment-130436\" class=\"wp-caption-text\">Homens de atitude em noite de festa, Mateus Pires, Milton Carvalho, Junior Rocha e Jo\u00e3o Rocha<\/p><\/div>\n<p style=\"text-align: center;\"><strong>FOTOSS\u00cdNTESE<\/strong><\/p>\n<p>A loja Fratello Concept com roupas modernas e objetos de d\u00e9cor, no Mister Shopping 2\u00ba piso, est\u00e1 em promo\u00e7\u00e3o, pois vai fechar as portas.<\/p>\n<p>Iniciando 2019 com novidades para clientes e amigos o advogado Marcelo Pasquini, inaugurou com coquetel, o novo escrit\u00f3rio no \u201cLe Quartier Granbery\u201d.<\/p>\n<p>Presidente da Concult, Fernanda Cruzick colhe elogios pela exposi\u00e7\u00e3o no CCBM, Mostra Obsess\u00f5es Pl\u00e1sticas. Com sua curadoria, ela conseguiu reunir obras de artistas de diferentes gera\u00e7\u00f5es, nascidos ou radicados na cidade. Causando impacto visual, o quadro do artista Henrique Lott.<\/p>\n<p>Aten\u00e7\u00e3o para 2019: a popula\u00e7\u00e3o precisa colaborar recolhendo lixo e limpando sua casa e caixa d\u2019\u00e1gua para evitar o risco de novos casos de dengue. Para os jovens usar sempre camisinha nas rela\u00e7\u00f5es sexuais, pois a AIDS n\u00e3o acabou n\u00e3o. T\u00f4 de olho!<\/p>\n<p>Salcio Del Duca brilha na presid\u00eancia da Associa\u00e7\u00e3o Alem\u00e3 e j\u00e1 mobiliza a\u00e7\u00e3o para que a tradicional festa realizada no Bairro Borboleta que completa 50 anos em setembro, seja realizada no primeiro Encontro Nacional de Grupo Folcl\u00f3ricos Alem\u00e3es.<\/p>\n<p>Nos eventos sociais e nos lugares badalados da cidade, \u00e9 notada a beleza e exuber\u00e2ncia de Stephania Neves.<\/p>\n<p>No ver\u00e3o em janeiro, a Assunta est\u00e1 com hor\u00e1rio especial. Aos s\u00e1bados e domingos, funciona a partir das 12h e n\u00e3o fecha entre o almo\u00e7o e o jantar. No Happy Hour, muita gente bonita e elegante est\u00e1 circulando por l\u00e1.<\/p>\n<p>Filho de Juliane e Eduardo Rocha Kleinsorge, o jovem Thiago Abizaid Kleinsorge colou grau em Medicina pela UFJF.<\/p>\n<p>Ser\u00e1 inaugurado em fevereiro, no Estrela Sul, complexo de futev\u00f4lei para reunir amantes deste esporte em JF. No comando, o professor Maur\u00edcio Carvalho.<\/p>\n<p>Prometendo ser muito disputada a escolha da Rainha do Carnaval 2019, que ir\u00e1 acontecer dia 16 de fevereiro, no MHall.<\/p>\n<p>Juntando gente rebolativa, o Cultural recebe na 6\u00aa feira, o Grupo Alquimia, Ousasamba e DJ Matheus Barreto, para a primeira edi\u00e7\u00e3o do Samba Club.<\/p>\n<p>Pra colocar no ar: Nem tudo que reluz \u00e9 ouro. Bom dia.<\/p>\n<p>&nbsp;<\/p>\n","protected":false},"excerpt":{"rendered":"<p>Livro Catalogada como uma das melhores administradoras de empresas, com foco em marketing, a professora Luciane Penna Bellini lan\u00e7ou o livro \u201cSociedade e Consumo\u201d com parceria produtiva com o professor e orientador Luiz Fernando Hor-Meyll \u00c1lvares. A obra \u00e9 resultado de sua tese de doutorado na PUC\/Rio. Descanso Olha s\u00f3: neste 2019, ano quase sem [&hellip;]<\/p>\n","protected":false},"author":96,"featured_media":130429,"comment_status":"closed","ping_status":"closed","sticky":false,"template":"","format":"standard","meta":{"footnotes":""},"categories":[264],"tags":[],"class_list":["post-130458","post","type-post","status-publish","format-standard","has-post-thumbnail","hentry","category-eduardo-gomes"],"_links":{"self":[{"href":"https:\/\/diarioregionaldigital.com.br\/index.php?rest_route=\/wp\/v2\/posts\/130458","targetHints":{"allow":["GET"]}}],"collection":[{"href":"https:\/\/diarioregionaldigital.com.br\/index.php?rest_route=\/wp\/v2\/posts"}],"about":[{"href":"https:\/\/diarioregionaldigital.com.br\/index.php?rest_route=\/wp\/v2\/types\/post"}],"author":[{"embeddable":true,"href":"https:\/\/diarioregionaldigital.com.br\/index.php?rest_route=\/wp\/v2\/users\/96"}],"replies":[{"embeddable":true,"href":"https:\/\/diarioregionaldigital.com.br\/index.php?rest_route=%2Fwp%2Fv2%2Fcomments&post=130458"}],"version-history":[{"count":0,"href":"https:\/\/diarioregionaldigital.com.br\/index.php?rest_route=\/wp\/v2\/posts\/130458\/revisions"}],"wp:featuredmedia":[{"embeddable":true,"href":"https:\/\/diarioregionaldigital.com.br\/index.php?rest_route=\/wp\/v2\/media\/130429"}],"wp:attachment":[{"href":"https:\/\/diarioregionaldigital.com.br\/index.php?rest_route=%2Fwp%2Fv2%2Fmedia&parent=130458"}],"wp:term":[{"taxonomy":"category","embeddable":true,"href":"https:\/\/diarioregionaldigital.com.br\/index.php?rest_route=%2Fwp%2Fv2%2Fcategories&post=130458"},{"taxonomy":"post_tag","embeddable":true,"href":"https:\/\/diarioregionaldigital.com.br\/index.php?rest_route=%2Fwp%2Fv2%2Ftags&post=130458"}],"curies":[{"name":"wp","href":"https:\/\/api.w.org\/{rel}","templated":true}]}}