{"id":130442,"date":"2019-01-09T22:19:23","date_gmt":"2019-01-10T00:19:23","guid":{"rendered":"https:\/\/diarioregionaldigital.com.br\/?p=130442"},"modified":"2019-01-10T10:03:30","modified_gmt":"2019-01-10T12:03:30","slug":"carnaval-2019-funalfa-abre-cadastro-obrigatorio-para-blocos-e-outras-atividades-carnavalescas","status":"publish","type":"post","link":"https:\/\/diarioregionaldigital.com.br\/?p=130442","title":{"rendered":"Funalfa abre cadastro obrigat\u00f3rio para blocos e outras atividades carnavalescas"},"content":{"rendered":"<p>Os preparativos para a maior festa popular do Brasil \u2013 o Carnaval &#8211; j\u00e1 est\u00e1 movimentando Juiz de Fora. Buscando garantir a melhor infraestrutura poss\u00edvel para os festejos e reduzir os impactos negativos na rotina da cidade, a Funda\u00e7\u00e3o Cultural \u201cAlfredo Ferreira Lage\u201d (Funalfa) abriu o cadastramento de blocos e outras atividades carnavalescas a serem realizados na cidade, no per\u00edodo de 15 de fevereiro a 5 de mar\u00e7o de 2019.<\/p>\n<p>O cadastro \u00e9 gratuito e obrigat\u00f3rio, j\u00e1 que vai embasar uma s\u00e9rie de provid\u00eancias importantes para o ordenamento urbano, como fechamento de ruas, deslocamento de tr\u00e2nsito e estrat\u00e9gia de policiamento, entre outras. O procedimento deve ser feito at\u00e9 1\u00ba de fevereiro, impreterivelmente, no Espa\u00e7o Cidad\u00e3o JF &#8211; Centro (Avenida Rio Branco 2.234 \u2013 T\u00e9rreo), de segunda a sexta-feira, das 8 \u00e0s 18 horas.<\/p>\n<p>O solicitante deve preencher o Formul\u00e1rio e o Requerimento, dispon\u00edveis no portal\u00a0<a href=\"https:\/\/www.pjf.mg.gov.br\/\">PJF<\/a>, no Espa\u00e7o Cidad\u00e3o JF &#8211; Centro e no Departamento de Cultura da Funalfa. Tamb\u00e9m \u00e9 necess\u00e1rio apresentar os documentos solicitados, como c\u00f3pias do RG e do CPF do respons\u00e1vel pelo evento; croqui do local onde ser\u00e1 realizada a atividade e carta de anu\u00eancia da Sociedade Pr\u00f3-Melhoramentos (SPM) do bairro, entre outros.<\/p>\n<p>As solicita\u00e7\u00f5es ser\u00e3o submetidas \u00e0 Comiss\u00e3o de An\u00e1lise dos Pedidos, formada por representantes da Pol\u00edcia Militar, do Corpo de Bombeiros e da Prefeitura de Juiz de Fora: secretarias de Governo, Atividades Urbanas, Seguran\u00e7a Urbana e Cidadania, al\u00e9m da Funalfa e da Settra. Conforme a diretora de Cultura da Funalfa, Giovana Bellini, que vai coordenar a comiss\u00e3o, ser\u00e3o realizadas reuni\u00f5es semanais para a an\u00e1lise dos pedidos, no per\u00edodo de 17 de janeiro a 14 de fevereiro.<\/p>\n<p>No caso de a proposta ser aprovada, o respons\u00e1vel dever\u00e1 entrar com pedido de alvar\u00e1 no Corpo de Bombeiros Militar, respeitando as datas e os hor\u00e1rios acertados com a Comiss\u00e3o de An\u00e1lise dos Pedidos. A libera\u00e7\u00e3o do alvar\u00e1 dos Bombeiros segue legisla\u00e7\u00e3o pr\u00f3pria da corpora\u00e7\u00e3o.<\/p>\n<p>\u00c9 tamb\u00e9m responsabilidade do solicitante providenciar, na Cemig, o pedido de ponto de energia ou liga\u00e7\u00e3o de chave provis\u00f3ria, quando for o caso, e o pagamento do referido servi\u00e7o. Eventos realizados em \u00e1rea de dom\u00ednio particular, com cobran\u00e7a de ingresso, dever\u00e3o utilizar o formul\u00e1rio c\u00f3d. 117, tamb\u00e9m dispon\u00edvel no Espa\u00e7o Cidad\u00e3o JF.<\/p>\n<p>A an\u00e1lise dos pedidos protocolados deve observar os seguintes crit\u00e9rios: natureza do evento ou atividade; relev\u00e2ncia cultural e comunit\u00e1ria; localiza\u00e7\u00e3o (incluindo sua proximidade com hospitais, escolas, bens tombados e afins); impacto no funcionamento da rotina da cidade; eventual concentra\u00e7\u00e3o de atividades no mesmo dia, regi\u00e3o e\/ou hor\u00e1rio; necessidade de altera\u00e7\u00e3o de tr\u00e2nsito; p\u00fablico previsto; hist\u00f3rico do evento em anos anteriores; capacidade de suporte log\u00edstico dos \u00f3rg\u00e3os p\u00fablicos envolvidos; hor\u00e1rio de in\u00edcio e t\u00e9rmino.<\/p>\n<p><em>Fonte: PJF<\/em><\/p>\n","protected":false},"excerpt":{"rendered":"<p>Os preparativos para a maior festa popular do Brasil \u2013 o Carnaval &#8211; j\u00e1 est\u00e1 movimentando Juiz de Fora. Buscando garantir a melhor infraestrutura poss\u00edvel para os festejos e reduzir os impactos negativos na rotina da cidade, a Funda\u00e7\u00e3o Cultural \u201cAlfredo Ferreira Lage\u201d (Funalfa) abriu o cadastramento de blocos e outras atividades carnavalescas a serem [&hellip;]<\/p>\n","protected":false},"author":96,"featured_media":130443,"comment_status":"closed","ping_status":"closed","sticky":false,"template":"","format":"standard","meta":{"footnotes":""},"categories":[253,436,440,262,439],"tags":[],"class_list":["post-130442","post","type-post","status-publish","format-standard","has-post-thumbnail","hentry","category-cidade","category-destaque-da-semana","category-destaques-do-dia","category-noticias","category-ultima-hora"],"_links":{"self":[{"href":"https:\/\/diarioregionaldigital.com.br\/index.php?rest_route=\/wp\/v2\/posts\/130442","targetHints":{"allow":["GET"]}}],"collection":[{"href":"https:\/\/diarioregionaldigital.com.br\/index.php?rest_route=\/wp\/v2\/posts"}],"about":[{"href":"https:\/\/diarioregionaldigital.com.br\/index.php?rest_route=\/wp\/v2\/types\/post"}],"author":[{"embeddable":true,"href":"https:\/\/diarioregionaldigital.com.br\/index.php?rest_route=\/wp\/v2\/users\/96"}],"replies":[{"embeddable":true,"href":"https:\/\/diarioregionaldigital.com.br\/index.php?rest_route=%2Fwp%2Fv2%2Fcomments&post=130442"}],"version-history":[{"count":0,"href":"https:\/\/diarioregionaldigital.com.br\/index.php?rest_route=\/wp\/v2\/posts\/130442\/revisions"}],"wp:featuredmedia":[{"embeddable":true,"href":"https:\/\/diarioregionaldigital.com.br\/index.php?rest_route=\/wp\/v2\/media\/130443"}],"wp:attachment":[{"href":"https:\/\/diarioregionaldigital.com.br\/index.php?rest_route=%2Fwp%2Fv2%2Fmedia&parent=130442"}],"wp:term":[{"taxonomy":"category","embeddable":true,"href":"https:\/\/diarioregionaldigital.com.br\/index.php?rest_route=%2Fwp%2Fv2%2Fcategories&post=130442"},{"taxonomy":"post_tag","embeddable":true,"href":"https:\/\/diarioregionaldigital.com.br\/index.php?rest_route=%2Fwp%2Fv2%2Ftags&post=130442"}],"curies":[{"name":"wp","href":"https:\/\/api.w.org\/{rel}","templated":true}]}}