{"id":130399,"date":"2019-01-09T14:07:20","date_gmt":"2019-01-09T16:07:20","guid":{"rendered":"https:\/\/diarioregionaldigital.com.br\/?p=130399"},"modified":"2019-01-09T14:07:20","modified_gmt":"2019-01-09T16:07:20","slug":"ufjf-disponibiliza-70-vagas-em-cursinho-popular","status":"publish","type":"post","link":"https:\/\/diarioregionaldigital.com.br\/?p=130399","title":{"rendered":"UFJF disponibiliza 70 vagas em cursinho popular"},"content":{"rendered":"<p>Democratizar o acesso ao ensino superior \u00e9 o objetivo principal do\u00a0cursinho popular Garra, projeto de extens\u00e3o da Universidade Federal de Juiz de Fora (UFJF), no campus sede. Com aulas e materiais gratuitos, o cursinho preparat\u00f3rio para o Exame Nacional do Ensino M\u00e9dio (Enem) oferece 70 vagas anualmente. Os interessados podem fazer a inscri\u00e7\u00e3o a partir desta quarta-feira, 9, at\u00e9 o dia 31 de janeiro.<\/p>\n<p>Como h\u00e1 o limite de 700 participantes no processo seletivo, caso esse n\u00famero seja atingido, as inscri\u00e7\u00f5es s\u00e3o encerradas antes do prazo final. Podem se inscrever quem concluiu o ensino m\u00e9dio ou est\u00e1 cursando o terceiro ano em escola p\u00fablica, al\u00e9m de bolsistas integrais de escola particular. A Pr\u00f3-reitora de extens\u00e3o da UFJF, Ana L\u00edvia de Souza Coimbra, enxerga o projeto de extens\u00e3o como uma maneira de democratizar o acesso \u00e0 universidade p\u00fablica. \u201c\u00c9 uma possibilidade que a Universidade tem de recepcionar esses alunos mesmo antes deles entrarem na UFJF, al\u00e9m de contribuir para que esses estudantes tenham mais possibilidade de estudar na universidade p\u00fablica, pois \u00e9 um direito de todos ter acesso \u00e0 educa\u00e7\u00e3o em um n\u00edvel superior\u201d, ressalta.<\/p>\n<p>A primeira etapa do processo seletivo para ingressar no cursinho \u00e9 o preenchimento de um\u00a0<a href=\"https:\/\/docs.google.com\/forms\/d\/1kchlTrN7cS-VyJA1Mwrpu_5JzTuvxe3-DnW8ItP4VhY\/viewform?edit_requested=true\" target=\"_blank\" rel=\"noopener\">formul\u00e1rio de inscri\u00e7\u00e3o<\/a>, que pode ser feito pela internet ou presencialmente. Os locais para inscri\u00e7\u00e3o presencial ainda ser\u00e3o divulgados pelo Garra. J\u00e1 a segunda etapa \u00e9 a realiza\u00e7\u00e3o de uma prova diagn\u00f3stica, no dia 3 de fevereiro, em local a ser definido. Ser\u00e3o 50 quest\u00f5es, que abordam fundamentalmente interpreta\u00e7\u00e3o de texto e l\u00f3gica, al\u00e9m de conte\u00fados b\u00e1sicos. Os aprovados participam de sorteio no dia \u00a05 de fevereiro, no qual 140 candidatos ser\u00e3o sorteados para participarem da fase de entrevistas. O\u00a0<a href=\"https:\/\/drive.google.com\/file\/d\/1tTSb15hwd2VkIpNo6niGPXS0rg8VWQft\/view?fbclid=IwAR3ONmIRVTb8But6GpzDYBFgfJ0Fumm-kxOU6M2na6emMf0266vOSQ3Kofg\" target=\"_blank\" rel=\"noopener\">edital<\/a>\u00a0est\u00e1 dispon\u00edvel na internet.<\/p>\n<p>Os 70 candidatos convocados para matr\u00edcula em primeira chamada ser\u00e3o informados por e-mail e a lista completa ser\u00e1 publicada no\u00a0<a href=\"http:\/\/www.cursinhogarra.org\/\" target=\"_blank\" rel=\"noopener\">site do Garra<\/a>, e na\u00a0<a href=\"https:\/\/www.facebook.com\/garracursinhopopular\/\" target=\"_blank\" rel=\"noopener\">p\u00e1gina do Garra<\/a>, no Facebook, no dia 11 de fevereiro. Das vagas disponibilizadas, sete s\u00e3o reservadas para participantes com mais de 30 anos sem ensino superior e sete para ex-alunos do projeto que, caso n\u00e3o sejam sorteados dentro da reserva de vagas, seguem concorrendo \u00e0s outras dispon\u00edveis. A matr\u00edcula presencial ocorre no in\u00edcio do per\u00edodo letivo, no dia 18 de fevereiro.<\/p>\n<p>Outras informa\u00e7\u00f5es:\u00a0contato.projetogarra@gmail.com<\/p>\n<p>Fonte: UFJF<\/p>\n","protected":false},"excerpt":{"rendered":"<p>Democratizar o acesso ao ensino superior \u00e9 o objetivo principal do\u00a0cursinho popular Garra, projeto de extens\u00e3o da Universidade Federal de Juiz de Fora (UFJF), no campus sede. Com aulas e materiais gratuitos, o cursinho preparat\u00f3rio para o Exame Nacional do Ensino M\u00e9dio (Enem) oferece 70 vagas anualmente. Os interessados podem fazer a inscri\u00e7\u00e3o a partir [&hellip;]<\/p>\n","protected":false},"author":96,"featured_media":130400,"comment_status":"closed","ping_status":"closed","sticky":false,"template":"","format":"standard","meta":{"footnotes":""},"categories":[253,436,307,262,439],"tags":[],"class_list":["post-130399","post","type-post","status-publish","format-standard","has-post-thumbnail","hentry","category-cidade","category-destaque-da-semana","category-editais","category-noticias","category-ultima-hora"],"_links":{"self":[{"href":"https:\/\/diarioregionaldigital.com.br\/index.php?rest_route=\/wp\/v2\/posts\/130399","targetHints":{"allow":["GET"]}}],"collection":[{"href":"https:\/\/diarioregionaldigital.com.br\/index.php?rest_route=\/wp\/v2\/posts"}],"about":[{"href":"https:\/\/diarioregionaldigital.com.br\/index.php?rest_route=\/wp\/v2\/types\/post"}],"author":[{"embeddable":true,"href":"https:\/\/diarioregionaldigital.com.br\/index.php?rest_route=\/wp\/v2\/users\/96"}],"replies":[{"embeddable":true,"href":"https:\/\/diarioregionaldigital.com.br\/index.php?rest_route=%2Fwp%2Fv2%2Fcomments&post=130399"}],"version-history":[{"count":0,"href":"https:\/\/diarioregionaldigital.com.br\/index.php?rest_route=\/wp\/v2\/posts\/130399\/revisions"}],"wp:featuredmedia":[{"embeddable":true,"href":"https:\/\/diarioregionaldigital.com.br\/index.php?rest_route=\/wp\/v2\/media\/130400"}],"wp:attachment":[{"href":"https:\/\/diarioregionaldigital.com.br\/index.php?rest_route=%2Fwp%2Fv2%2Fmedia&parent=130399"}],"wp:term":[{"taxonomy":"category","embeddable":true,"href":"https:\/\/diarioregionaldigital.com.br\/index.php?rest_route=%2Fwp%2Fv2%2Fcategories&post=130399"},{"taxonomy":"post_tag","embeddable":true,"href":"https:\/\/diarioregionaldigital.com.br\/index.php?rest_route=%2Fwp%2Fv2%2Ftags&post=130399"}],"curies":[{"name":"wp","href":"https:\/\/api.w.org\/{rel}","templated":true}]}}