{"id":130390,"date":"2019-01-09T11:45:30","date_gmt":"2019-01-09T13:45:30","guid":{"rendered":"https:\/\/diarioregionaldigital.com.br\/?p=130390"},"modified":"2019-01-09T11:45:30","modified_gmt":"2019-01-09T13:45:30","slug":"bolsonaro-confirma-revogacao-da-adesao-ao-pacto-global-para-migracao","status":"publish","type":"post","link":"https:\/\/diarioregionaldigital.com.br\/?p=130390","title":{"rendered":"Bolsonaro confirma revoga\u00e7\u00e3o da ades\u00e3o ao Pacto Global para Migra\u00e7\u00e3o"},"content":{"rendered":"<p>O presidente Jair Bolsonaro confirmou a revoga\u00e7\u00e3o da ades\u00e3o do Brasil ao Pacto Global para Migra\u00e7\u00e3o Segura, Ordenada e Regular. Na sua conta no Twitter, ele afirmou nesta quarta-feira,\u00a09, que a iniciativa foi motivada para preserva\u00e7\u00e3o dos valores nacionais. \u201cO Brasil \u00e9 soberano para decidir se aceita ou n\u00e3o migrantes\u201d, disse o presidente. \u201cN\u00e3o ao pacto migrat\u00f3rio.\u201d<\/p>\n<p>Em seguida, Bolsonaro justificou a decis\u00e3o. \u201cQuem porventura vier para c\u00e1\u00a0dever\u00e1 estar sujeito \u00e0s nossas leis, regras e costumes, bem como dever\u00e1 cantar nosso hino e respeitar nossa cultura. N\u00e3o \u00e9 qualquer um que entra em nossa casa, nem ser\u00e1 qualquer um que entrar\u00e1 no Brasil via pacto adotado por terceiros.&#8221;<\/p>\n<p>A decis\u00e3o foi comunicada ao Minist\u00e9rio das Rela\u00e7\u00f5es Exteriores, que orientou o corpo diplom\u00e1tico a transmiti-la\u00a0\u00e0 Organiza\u00e7\u00e3o das Na\u00e7\u00f5es Unidas (ONU). O Brasil aderiu ao pacto em dezembro de 2018.<\/p>\n<h2>Hist\u00f3rico<\/h2>\n<p>Anteriormente, Bolsonaro e o ministro das Rela\u00e7\u00f5es Exteriores, Ernesto Ara\u00fajo, criticaram os termos do pacto. No \u00faltimo dia 2, em Bras\u00edlia, durante<a href=\"http:\/\/agenciabrasil.ebc.com.br\/politica\/noticia\/2019-01\/bolsonaro-reitera-intencao-de-retirar-brasil-do-pacto-de-migracoes\" target=\"_blank\" rel=\"noopener\">\u00a0reuni\u00e3o com o secret\u00e1rio de Estado norte-americano, Mike Pompeo<\/a>, Bolsonaro afirmou que tinha a inten\u00e7\u00e3o de retirar o Brasil do acordo.<\/p>\n<p>Segundo o presidente, o pa\u00eds vai adotar crit\u00e9rios rigorosos para a entrada de imigrantes. Ap\u00f3s as elei\u00e7\u00f5es, ele afirmou que quem \u201cn\u00e3o passasse pelo crivo\u201d\u00a0n\u00e3o entraria no pa\u00eds.<\/p>\n<p>Para o chanceler, o pacto \u00e9 \u201cum instrumento inadequado para lidar com o problema. &#8220;A imigra\u00e7\u00e3o n\u00e3o deve ser tratada como quest\u00e3o global, mas sim de acordo com a realidade e a soberania de cada pa\u00eds\u201d.<\/p>\n<h2>Acordo<\/h2>\n<p>Fechado em 2017 e chancelado no ano passado, o pacto estabeleceu orienta\u00e7\u00f5es espec\u00edficas para o recebimento de imigrantes, preservando o respeito aos direitos humanos sem associar nacionalidades. Dos representantes dos 193 pa\u00edses, 181 aderiram ao acordo. Estados Unidos e Hungria est\u00e3o entre os que foram contr\u00e1rios. Rep\u00fablica Dominicana, Eritreia e L\u00edbia se abstiveram.<\/p>\n<p>No final de 2017, existiam quase 25,4 milh\u00f5es de refugiados em todo o mundo. Atualmente, apenas dez\u00a0pa\u00edses acolhem 60% das pessoas nessa situa\u00e7\u00e3o. S\u00f3 a Turquia abriga 3,5 milh\u00f5es de refugiados, mais do que qualquer outro pa\u00eds.<\/p>\n<p>O pacto global sobre refugiados aponta quatro objetivos principais: aliviar a press\u00e3o sobre os pa\u00edses anfitri\u00f5es, aumentar a autossufici\u00eancia dos refugiados, ampliar o acesso a solu\u00e7\u00f5es de pa\u00edses terceiros e ajudar a criar condi\u00e7\u00f5es nos pa\u00edses de origem, para um regresso dos cidad\u00e3os em seguran\u00e7a e dignidade.<\/p>\n<h2>Agenda<\/h2>\n<p>Bolsonaro participa, pela manh\u00e3, da transmiss\u00e3o do cargo do Comando da Marinha\u00a0para o almirante de esquadra Ilques\u00a0 Barbosa Junior. O presidente tamb\u00e9m\u00a0tem reuni\u00e3o com o ministro-chefe da Casa Civil, Onyx Lorenzoni, e com a deputada federal Joice Hasselmann (PSL-SP).<\/p>\n<p><em>Fonte: Ag\u00eancia Brasil<\/em><\/p>\n","protected":false},"excerpt":{"rendered":"<p>O presidente Jair Bolsonaro confirmou a revoga\u00e7\u00e3o da ades\u00e3o do Brasil ao Pacto Global para Migra\u00e7\u00e3o Segura, Ordenada e Regular. Na sua conta no Twitter, ele afirmou nesta quarta-feira,\u00a09, que a iniciativa foi motivada para preserva\u00e7\u00e3o dos valores nacionais. \u201cO Brasil \u00e9 soberano para decidir se aceita ou n\u00e3o migrantes\u201d, disse o presidente. \u201cN\u00e3o ao [&hellip;]<\/p>\n","protected":false},"author":96,"featured_media":0,"comment_status":"closed","ping_status":"closed","sticky":false,"template":"","format":"standard","meta":{"footnotes":""},"categories":[254,439],"tags":[],"class_list":["post-130390","post","type-post","status-publish","format-standard","hentry","category-politica","category-ultima-hora"],"_links":{"self":[{"href":"https:\/\/diarioregionaldigital.com.br\/index.php?rest_route=\/wp\/v2\/posts\/130390","targetHints":{"allow":["GET"]}}],"collection":[{"href":"https:\/\/diarioregionaldigital.com.br\/index.php?rest_route=\/wp\/v2\/posts"}],"about":[{"href":"https:\/\/diarioregionaldigital.com.br\/index.php?rest_route=\/wp\/v2\/types\/post"}],"author":[{"embeddable":true,"href":"https:\/\/diarioregionaldigital.com.br\/index.php?rest_route=\/wp\/v2\/users\/96"}],"replies":[{"embeddable":true,"href":"https:\/\/diarioregionaldigital.com.br\/index.php?rest_route=%2Fwp%2Fv2%2Fcomments&post=130390"}],"version-history":[{"count":0,"href":"https:\/\/diarioregionaldigital.com.br\/index.php?rest_route=\/wp\/v2\/posts\/130390\/revisions"}],"wp:attachment":[{"href":"https:\/\/diarioregionaldigital.com.br\/index.php?rest_route=%2Fwp%2Fv2%2Fmedia&parent=130390"}],"wp:term":[{"taxonomy":"category","embeddable":true,"href":"https:\/\/diarioregionaldigital.com.br\/index.php?rest_route=%2Fwp%2Fv2%2Fcategories&post=130390"},{"taxonomy":"post_tag","embeddable":true,"href":"https:\/\/diarioregionaldigital.com.br\/index.php?rest_route=%2Fwp%2Fv2%2Ftags&post=130390"}],"curies":[{"name":"wp","href":"https:\/\/api.w.org\/{rel}","templated":true}]}}