{"id":130364,"date":"2019-01-09T05:55:43","date_gmt":"2019-01-09T07:55:43","guid":{"rendered":"https:\/\/diarioregionaldigital.com.br\/?p=130364"},"modified":"2019-01-09T12:29:52","modified_gmt":"2019-01-09T14:29:52","slug":"governo-de-minas-anuncia-escala-de-pagamento-dos-servidores","status":"publish","type":"post","link":"https:\/\/diarioregionaldigital.com.br\/?p=130364","title":{"rendered":"Governo de Minas anuncia escala de pagamento dos servidores"},"content":{"rendered":"<p>Nessa ter\u00e7a-feira, 8, o governador de Minas Gerais, Romeu Zema (NOVO), anunciou a escala do pagamento dos servidores referente a dezembro de 2018.\u00a0O an\u00fancio foi feito nas redes sociais oficial do governador.<\/p>\n<p>De acordo com informa\u00e7\u00f5es, no dia 14 de janeiro, todos os servidores receber\u00e3o at\u00e9 R$2 mil reais. No dia 21, os profissionais de seguran\u00e7a e sa\u00fade ganhar\u00e3o at\u00e9 R$1 mil. No dia 28, o restante do sal\u00e1rio de quem recebe acima de R$2 mil ser\u00e1 quitado.<\/p>\n<p>Os sal\u00e1rios v\u00eam sendo pagos em parcelas desde fevereiro de 2016, na gest\u00e3o do ent\u00e3o governador Fernando Pimentel (PT), devido a dificuldades financeiras do Estado.<\/p>\n<p>O an\u00fancio aconteceu depois do presidente da Corte, Dias Toffoli, suspender um bloqueio de R$433,3 milh\u00f5es das contas do Estado de Minas Gerais com a Uni\u00e3o.<\/p>\n","protected":false},"excerpt":{"rendered":"<p>Nessa ter\u00e7a-feira, 8, o governador de Minas Gerais, Romeu Zema (NOVO), anunciou a escala do pagamento dos servidores referente a dezembro de 2018.\u00a0O an\u00fancio foi feito nas redes sociais oficial do governador. De acordo com informa\u00e7\u00f5es, no dia 14 de janeiro, todos os servidores receber\u00e3o at\u00e9 R$2 mil reais. No dia 21, os profissionais de [&hellip;]<\/p>\n","protected":false},"author":96,"featured_media":0,"comment_status":"closed","ping_status":"closed","sticky":false,"template":"","format":"standard","meta":{"footnotes":""},"categories":[436,440,252,439],"tags":[],"class_list":["post-130364","post","type-post","status-publish","format-standard","hentry","category-destaque-da-semana","category-destaques-do-dia","category-regiao","category-ultima-hora"],"_links":{"self":[{"href":"https:\/\/diarioregionaldigital.com.br\/index.php?rest_route=\/wp\/v2\/posts\/130364","targetHints":{"allow":["GET"]}}],"collection":[{"href":"https:\/\/diarioregionaldigital.com.br\/index.php?rest_route=\/wp\/v2\/posts"}],"about":[{"href":"https:\/\/diarioregionaldigital.com.br\/index.php?rest_route=\/wp\/v2\/types\/post"}],"author":[{"embeddable":true,"href":"https:\/\/diarioregionaldigital.com.br\/index.php?rest_route=\/wp\/v2\/users\/96"}],"replies":[{"embeddable":true,"href":"https:\/\/diarioregionaldigital.com.br\/index.php?rest_route=%2Fwp%2Fv2%2Fcomments&post=130364"}],"version-history":[{"count":0,"href":"https:\/\/diarioregionaldigital.com.br\/index.php?rest_route=\/wp\/v2\/posts\/130364\/revisions"}],"wp:attachment":[{"href":"https:\/\/diarioregionaldigital.com.br\/index.php?rest_route=%2Fwp%2Fv2%2Fmedia&parent=130364"}],"wp:term":[{"taxonomy":"category","embeddable":true,"href":"https:\/\/diarioregionaldigital.com.br\/index.php?rest_route=%2Fwp%2Fv2%2Fcategories&post=130364"},{"taxonomy":"post_tag","embeddable":true,"href":"https:\/\/diarioregionaldigital.com.br\/index.php?rest_route=%2Fwp%2Fv2%2Ftags&post=130364"}],"curies":[{"name":"wp","href":"https:\/\/api.w.org\/{rel}","templated":true}]}}