{"id":130361,"date":"2019-01-09T05:58:33","date_gmt":"2019-01-09T07:58:33","guid":{"rendered":"https:\/\/diarioregionaldigital.com.br\/?p=130361"},"modified":"2019-01-09T08:25:28","modified_gmt":"2019-01-09T10:25:28","slug":"concessao-de-titulo-de-cidadao-honorario-a-bolsonaro-e-aprovada-na-camara-de-jf","status":"publish","type":"post","link":"https:\/\/diarioregionaldigital.com.br\/?p=130361","title":{"rendered":"Concess\u00e3o de t\u00edtulo de cidad\u00e3o honor\u00e1rio a Bolsonaro \u00e9 aprovada na C\u00e2mara de JF"},"content":{"rendered":"<p>Nessa ter\u00e7a-feira, 8, foi aprovado, na C\u00e2mara Municipal de Juiz de Fora, a concess\u00e3o de t\u00edtulo de cidad\u00e3o honor\u00e1rio a Jair Bolsonaro (PSL), presidente eleito do Brasil.<\/p>\n<p>O projeto de lei foi de autoria dos vereadores Charlles Evangelista (PSL) e Sheila Oliveira (PSL). Com 14 votos favor\u00e1veis o concess\u00e3o foi aprovada. Bet\u00e3o (PT) e Wanderson Castelar (PT) votaram contra.<\/p>\n<h3>Facada<\/h3>\n<p>Cumprindo agenda em Juiz de Fora, no dia 6 de setembro de 2018, Bolsonaro\u00a0(PSL) realizava um ato no Cal\u00e7ad\u00e3o da Rua Halfeld, no Centro da cidade, quando foi atingido com um golpe de faca, em meio a multid\u00e3o. O candidato era carregado pelos apoiadores quando um homem se aproximou e o atingiu no abd\u00f4men.<\/p>\n<p>Ele fez uma cirurgia inicial, de grande porte, na Santa Casa de Juiz de Fora, depois uma segunda, j\u00e1 no Hospital Einstein, em S\u00e3o Paulo, para corrigir a ader\u00eancia.\u00a0A retirada da bolsa de colostomia est\u00e1 prevista para dia 28 janeiro.<\/p>\n","protected":false},"excerpt":{"rendered":"<p>Nessa ter\u00e7a-feira, 8, foi aprovado, na C\u00e2mara Municipal de Juiz de Fora, a concess\u00e3o de t\u00edtulo de cidad\u00e3o honor\u00e1rio a Jair Bolsonaro (PSL), presidente eleito do Brasil. O projeto de lei foi de autoria dos vereadores Charlles Evangelista (PSL) e Sheila Oliveira (PSL). Com 14 votos favor\u00e1veis o concess\u00e3o foi aprovada. Bet\u00e3o (PT) e Wanderson [&hellip;]<\/p>\n","protected":false},"author":96,"featured_media":0,"comment_status":"closed","ping_status":"closed","sticky":false,"template":"","format":"standard","meta":{"footnotes":""},"categories":[253,436,440,439],"tags":[],"class_list":["post-130361","post","type-post","status-publish","format-standard","hentry","category-cidade","category-destaque-da-semana","category-destaques-do-dia","category-ultima-hora"],"_links":{"self":[{"href":"https:\/\/diarioregionaldigital.com.br\/index.php?rest_route=\/wp\/v2\/posts\/130361","targetHints":{"allow":["GET"]}}],"collection":[{"href":"https:\/\/diarioregionaldigital.com.br\/index.php?rest_route=\/wp\/v2\/posts"}],"about":[{"href":"https:\/\/diarioregionaldigital.com.br\/index.php?rest_route=\/wp\/v2\/types\/post"}],"author":[{"embeddable":true,"href":"https:\/\/diarioregionaldigital.com.br\/index.php?rest_route=\/wp\/v2\/users\/96"}],"replies":[{"embeddable":true,"href":"https:\/\/diarioregionaldigital.com.br\/index.php?rest_route=%2Fwp%2Fv2%2Fcomments&post=130361"}],"version-history":[{"count":0,"href":"https:\/\/diarioregionaldigital.com.br\/index.php?rest_route=\/wp\/v2\/posts\/130361\/revisions"}],"wp:attachment":[{"href":"https:\/\/diarioregionaldigital.com.br\/index.php?rest_route=%2Fwp%2Fv2%2Fmedia&parent=130361"}],"wp:term":[{"taxonomy":"category","embeddable":true,"href":"https:\/\/diarioregionaldigital.com.br\/index.php?rest_route=%2Fwp%2Fv2%2Fcategories&post=130361"},{"taxonomy":"post_tag","embeddable":true,"href":"https:\/\/diarioregionaldigital.com.br\/index.php?rest_route=%2Fwp%2Fv2%2Ftags&post=130361"}],"curies":[{"name":"wp","href":"https:\/\/api.w.org\/{rel}","templated":true}]}}