{"id":130348,"date":"2019-01-09T06:00:01","date_gmt":"2019-01-09T08:00:01","guid":{"rendered":"https:\/\/diarioregionaldigital.com.br\/?p=130348"},"modified":"2019-01-08T19:44:23","modified_gmt":"2019-01-08T21:44:23","slug":"prefeitura-municipal-coronel-pacheco-licitacao-no003-09-01-19","status":"publish","type":"post","link":"https:\/\/diarioregionaldigital.com.br\/?p=130348","title":{"rendered":"Prefeitura Municipal Coronel Pacheco &#8211; Licita\u00e7\u00e3o n\u00ba003 &#8211; 09\/01\/19"},"content":{"rendered":"<p style=\"text-align: center;\"><strong>AVISO DE LICITA\u00c7\u00c3O<\/strong><\/p>\n<p style=\"text-align: center;\"><strong>Preg\u00e3o Presencial n\u00ba 003\/2019<\/strong><\/p>\n<p>O Munic\u00edpio de Coronel Pacheco, por interm\u00e9dio do Pregoeiro Municipal, torna p\u00fablica a realiza\u00e7\u00e3o de PREG\u00c3O PRESENCIAL no dia e hor\u00e1rio abaixo relacionados:<\/p>\n<p><strong>OBJETO:<\/strong> CONTRATA\u00c7\u00c3O DE SOCIEDADE EMPRES\u00c1RIA PARA O FORNECIMENTO DE P\u00c3ES<\/p>\n<p><strong>ABERTURA DOS ENVELOPES:<\/strong> 21 de janeiro de 2019<\/p>\n<p><strong>HOR\u00c1RIO:<\/strong> 16:00h<\/p>\n<p>Os interessados poder\u00e3o obter maiores informa\u00e7\u00f5es no setor de licita\u00e7\u00f5es da Prefeitura Municipal de Coronel Pacheco, com sede na Pra\u00e7a Carlos Chagas, n\u00ba 01, Centro, Tel: (32) 3258-1112.<\/p>\n<p style=\"text-align: center;\"><strong>Emerson Correa Gomes &#8211; Pregoeiro<\/strong><\/p>\n","protected":false},"excerpt":{"rendered":"<p>AVISO DE LICITA\u00c7\u00c3O Preg\u00e3o Presencial n\u00ba 003\/2019 O Munic\u00edpio de Coronel Pacheco, por interm\u00e9dio do Pregoeiro Municipal, torna p\u00fablica a realiza\u00e7\u00e3o de PREG\u00c3O PRESENCIAL no dia e hor\u00e1rio abaixo relacionados: OBJETO: CONTRATA\u00c7\u00c3O DE SOCIEDADE EMPRES\u00c1RIA PARA O FORNECIMENTO DE P\u00c3ES ABERTURA DOS ENVELOPES: 21 de janeiro de 2019 HOR\u00c1RIO: 16:00h Os interessados poder\u00e3o obter maiores [&hellip;]<\/p>\n","protected":false},"author":96,"featured_media":0,"comment_status":"closed","ping_status":"closed","sticky":false,"template":"","format":"standard","meta":{"footnotes":""},"categories":[307],"tags":[],"class_list":["post-130348","post","type-post","status-publish","format-standard","hentry","category-editais"],"_links":{"self":[{"href":"https:\/\/diarioregionaldigital.com.br\/index.php?rest_route=\/wp\/v2\/posts\/130348","targetHints":{"allow":["GET"]}}],"collection":[{"href":"https:\/\/diarioregionaldigital.com.br\/index.php?rest_route=\/wp\/v2\/posts"}],"about":[{"href":"https:\/\/diarioregionaldigital.com.br\/index.php?rest_route=\/wp\/v2\/types\/post"}],"author":[{"embeddable":true,"href":"https:\/\/diarioregionaldigital.com.br\/index.php?rest_route=\/wp\/v2\/users\/96"}],"replies":[{"embeddable":true,"href":"https:\/\/diarioregionaldigital.com.br\/index.php?rest_route=%2Fwp%2Fv2%2Fcomments&post=130348"}],"version-history":[{"count":0,"href":"https:\/\/diarioregionaldigital.com.br\/index.php?rest_route=\/wp\/v2\/posts\/130348\/revisions"}],"wp:attachment":[{"href":"https:\/\/diarioregionaldigital.com.br\/index.php?rest_route=%2Fwp%2Fv2%2Fmedia&parent=130348"}],"wp:term":[{"taxonomy":"category","embeddable":true,"href":"https:\/\/diarioregionaldigital.com.br\/index.php?rest_route=%2Fwp%2Fv2%2Fcategories&post=130348"},{"taxonomy":"post_tag","embeddable":true,"href":"https:\/\/diarioregionaldigital.com.br\/index.php?rest_route=%2Fwp%2Fv2%2Ftags&post=130348"}],"curies":[{"name":"wp","href":"https:\/\/api.w.org\/{rel}","templated":true}]}}