{"id":130340,"date":"2019-01-09T05:59:35","date_gmt":"2019-01-09T07:59:35","guid":{"rendered":"https:\/\/diarioregionaldigital.com.br\/?p=130340"},"modified":"2019-01-09T17:05:26","modified_gmt":"2019-01-09T19:05:26","slug":"comercio-se-prepara-para-vendas-de-material-escolar","status":"publish","type":"post","link":"https:\/\/diarioregionaldigital.com.br\/?p=130340","title":{"rendered":"Com\u00e9rcio se prepara para vendas de material escolar"},"content":{"rendered":"<p>O in\u00edcio do ano geralmente \u00e9 uma \u00e9poca um pouco complicada para muitos brasileiros, principalmente para quem tem filhos. Podemos dizer ser um per\u00edodo muito curto, por\u00e9m com muitos gastos. S\u00e3o despesas como IPTU e IPVA, e para pais com filhos em escolas, entram os gastos com material escolar, que segundo a Associa\u00e7\u00e3o Brasileira dos Fabricantes e Importadores de Artigos Escolares (Abfiae), esses artigos apresentaram um aumento m\u00e9dio de 10%, referente ao ano passado.<\/p>\n<div id=\"attachment_130344\" style=\"width: 310px\" class=\"wp-caption alignleft\"><img loading=\"lazy\" decoding=\"async\" aria-describedby=\"caption-attachment-130344\" class=\"size-medium wp-image-130344\" src=\"https:\/\/diarioregionaldigital.com.br\/wp-content\/uploads\/2019\/01\/RAFAELA-FRUTUOSO-usar-essa-2-1-300x200.jpg\" alt=\"\" width=\"300\" height=\"200\" srcset=\"https:\/\/diarioregionaldigital.com.br\/wp-content\/uploads\/2019\/01\/RAFAELA-FRUTUOSO-usar-essa-2-1-300x200.jpg 300w, https:\/\/diarioregionaldigital.com.br\/wp-content\/uploads\/2019\/01\/RAFAELA-FRUTUOSO-usar-essa-2-1-768x512.jpg 768w, https:\/\/diarioregionaldigital.com.br\/wp-content\/uploads\/2019\/01\/RAFAELA-FRUTUOSO-usar-essa-2-1-1024x683.jpg 1024w, https:\/\/diarioregionaldigital.com.br\/wp-content\/uploads\/2019\/01\/RAFAELA-FRUTUOSO-usar-essa-2-1-360x240.jpg 360w\" sizes=\"auto, (max-width: 300px) 100vw, 300px\" \/><p id=\"caption-attachment-130344\" class=\"wp-caption-text\">Consumidores em busca de material escolar. Foto: Rafaela Frutuoso<\/p><\/div>\n<p>Mas para os donos de papelarias, janeiro at\u00e9 meados de fevereiro, \u00e9 considerado o melhor per\u00edodo de todo ano, podendo se dizer que \u00e9 o \u201cNatal das papelarias\u201d. Rafael Fazza, gerente de uma papelaria na cidade, conta que o planejamento de vendas, inicia por volta de setembro, m\u00eas em que \u00e9 realizado toda a programa\u00e7\u00e3o de compras das mercadorias para esta \u00e9poca do ano. Ele conta que a expectativa de vendas \u00e9 positiva, e que espera um crescimento de 5% sob o ano anterior. Fazza explica que para atender a demanda de in\u00edcio de ano, \u00e9 necess\u00e1rio fazer um refor\u00e7o na equipe. Atualmente ele conta com uma equipe de sete vendedores, mas prev\u00ea uma contrata\u00e7\u00e3o de mais 20 vendedores para os pr\u00f3ximos dias.<\/p>\n<p>O presidente do Sindicom\u00e9rcio de Juiz de Fora, Emerson Belotti, disse em entrevista ao Di\u00e1rio Regional, que apesar de n\u00e3o ter uma pesquisa de vendas para este setor, ele acredita que as vendas deste ano ir\u00e1 superar as de 2018. Belloti explica ainda, que est\u00e1 em negocia\u00e7\u00e3o com o sindicato dos empregados do com\u00e9rcio, para uma autoriza\u00e7\u00e3o, de hor\u00e1rio especial de trabalho, estendendo at\u00e9 as 20 horas, no per\u00edodo de 14 de janeiro at\u00e9 15 de fevereiro. Emerson ressalta, que o Sindicom\u00e9rcio, est\u00e1 pleiteando uma autoriza\u00e7\u00e3o de para se trabalhar, sendo n\u00e3o obrigat\u00f3rio estender o hor\u00e1rio.<\/p>\n","protected":false},"excerpt":{"rendered":"<p>O in\u00edcio do ano geralmente \u00e9 uma \u00e9poca um pouco complicada para muitos brasileiros, principalmente para quem tem filhos. Podemos dizer ser um per\u00edodo muito curto, por\u00e9m com muitos gastos. S\u00e3o despesas como IPTU e IPVA, e para pais com filhos em escolas, entram os gastos com material escolar, que segundo a Associa\u00e7\u00e3o Brasileira dos [&hellip;]<\/p>\n","protected":false},"author":96,"featured_media":130343,"comment_status":"closed","ping_status":"closed","sticky":false,"template":"","format":"standard","meta":{"footnotes":""},"categories":[253,436,262,439],"tags":[],"class_list":["post-130340","post","type-post","status-publish","format-standard","has-post-thumbnail","hentry","category-cidade","category-destaque-da-semana","category-noticias","category-ultima-hora"],"_links":{"self":[{"href":"https:\/\/diarioregionaldigital.com.br\/index.php?rest_route=\/wp\/v2\/posts\/130340","targetHints":{"allow":["GET"]}}],"collection":[{"href":"https:\/\/diarioregionaldigital.com.br\/index.php?rest_route=\/wp\/v2\/posts"}],"about":[{"href":"https:\/\/diarioregionaldigital.com.br\/index.php?rest_route=\/wp\/v2\/types\/post"}],"author":[{"embeddable":true,"href":"https:\/\/diarioregionaldigital.com.br\/index.php?rest_route=\/wp\/v2\/users\/96"}],"replies":[{"embeddable":true,"href":"https:\/\/diarioregionaldigital.com.br\/index.php?rest_route=%2Fwp%2Fv2%2Fcomments&post=130340"}],"version-history":[{"count":0,"href":"https:\/\/diarioregionaldigital.com.br\/index.php?rest_route=\/wp\/v2\/posts\/130340\/revisions"}],"wp:featuredmedia":[{"embeddable":true,"href":"https:\/\/diarioregionaldigital.com.br\/index.php?rest_route=\/wp\/v2\/media\/130343"}],"wp:attachment":[{"href":"https:\/\/diarioregionaldigital.com.br\/index.php?rest_route=%2Fwp%2Fv2%2Fmedia&parent=130340"}],"wp:term":[{"taxonomy":"category","embeddable":true,"href":"https:\/\/diarioregionaldigital.com.br\/index.php?rest_route=%2Fwp%2Fv2%2Fcategories&post=130340"},{"taxonomy":"post_tag","embeddable":true,"href":"https:\/\/diarioregionaldigital.com.br\/index.php?rest_route=%2Fwp%2Fv2%2Ftags&post=130340"}],"curies":[{"name":"wp","href":"https:\/\/api.w.org\/{rel}","templated":true}]}}