{"id":130316,"date":"2019-01-08T16:19:21","date_gmt":"2019-01-08T18:19:21","guid":{"rendered":"https:\/\/diarioregionaldigital.com.br\/?p=130316"},"modified":"2019-01-08T16:19:21","modified_gmt":"2019-01-08T18:19:21","slug":"edital-nacional-projetos-da-praca-ceu-recebem-r-60-mil-do-minc","status":"publish","type":"post","link":"https:\/\/diarioregionaldigital.com.br\/?p=130316","title":{"rendered":"Edital nacional: projetos da Pra\u00e7a CEU recebem R$ 60 mil do MinC"},"content":{"rendered":"<p>Quatro projetos desenvolvidos pelo Centro de Artes e Esportes Unificados Coronel \u201cAdelmir Romualdo de Oliveira\u201d (Pra\u00e7a CEU) foram contemplados no Edital de Chamamento e Sele\u00e7\u00e3o para Premia\u00e7\u00e3o de Iniciativas Socioculturais, lan\u00e7ado pela Secretaria de Difus\u00e3o e Infraestrutura Cultural do Minist\u00e9rio da Cultura (MinC). Aberto a todas as pra\u00e7as CEU do Brasil, o edital recebeu 78 inscri\u00e7\u00f5es e selecionou 30 projetos. Cada iniciativa contemplada recebeu pr\u00eamio de R$ 15 mil.<\/p>\n<p>Os recursos do CEU\/Zona Norte \u2013 um total de R$ 60 mil &#8211; j\u00e1 foram depositados e ser\u00e3o aplicados na manuten\u00e7\u00e3o e no aprimoramento das a\u00e7\u00f5es desenvolvidas no equipamento urbano, localizado na Avenida Juscelino Kubitschek, 5.899 \u2013 Benfica. As iniciativas locais contempladas foram:<\/p>\n<p><b>* \u201cOficinas de Artes e Atividades Culturais\u201d<\/b>\u00a0&#8211; segunda maior pontua\u00e7\u00e3o nacional, na categoria \u201cPromo\u00e7\u00e3o da educa\u00e7\u00e3o e da forma\u00e7\u00e3o art\u00edstica e cultural, nas mais diversas linguagens\u201d;<\/p>\n<p><b>* \u201cGin\u00e1stica e A\u00e7\u00f5es de Sa\u00fade para a Terceira Idade\u201d<\/b>\u00a0\u2013 terceira maior pontua\u00e7\u00e3o nacional, na categoria \u201cPromo\u00e7\u00e3o da interse\u00e7\u00e3o entre cultura, bem-estar e sa\u00fade\u201d<\/p>\n<p><b>* \u201cCapacitaCEU\u201d<\/b>\u00a0\u2013 terceira maior pontua\u00e7\u00e3o nacional, na categoria \u201cCapacita\u00e7\u00e3o e qualifica\u00e7\u00e3o para o trabalho, promo\u00e7\u00e3o do associativismo e da Economia Solid\u00e1ria\u201d;<\/p>\n<p><b>* \u201cEstrelas do CEU\u201d<\/b>\u00a0\u2013 Categoria \u201cIniciativas promovidas por jovens e coletivos de jovens\u201d;<\/p>\n<p>O coordenador-geral da Pra\u00e7a CEU, Andr\u00e9 Noronha, avalia que o resultado do edital, com classifica\u00e7\u00e3o de todos os projetos inscritos pela unidade de Juiz de Fora, refor\u00e7a a qualidade do trabalho desenvolvido no equipamento urbano. \u201cDuas das a\u00e7\u00f5es premiadas, as oficinas culturais e a gin\u00e1stica, que atendem, al\u00e9m de crian\u00e7as e jovens, os adultos e a terceira idade, foram lan\u00e7ados na \u00e9poca da inaugura\u00e7\u00e3o da pra\u00e7a. J\u00e1 os outros dois projetos contemplados foram consequ\u00eancia de uma administra\u00e7\u00e3o participativa, antenada com as necessidades e os anseios da comunidade. O modelo de gest\u00e3o, democr\u00e1tico e n\u00e3o engessado, torna o CEU um equipamento cheio de possibilidades\u201d.<\/p>\n<p>Implantada por meio de parceria entre o munic\u00edpio e o Governo federal, a Pra\u00e7a CEU completa quatro anos de funcionamento em mar\u00e7o e \u00e9 um modelo exitoso de promo\u00e7\u00e3o da cultura. Em 2016, foi considerada pelo MinC, atrav\u00e9s de uma consultoria da Unesco, um dos dez melhores equipamentos do g\u00eanero em funcionamento no Brasil. No ano passado, uma pesquisa do minist\u00e9rio apontou que a unidade de Juiz de Fora apresenta alto \u00edndice de desempenho, performance alcan\u00e7ada apenas por 20% das pra\u00e7as que avaliadas no estudo.<\/p>\n<p>\u201cO CEU \u00e9 um divisor de \u00e1guas na vida da zona norte. Em tempo recorde, consolidou-se como um grande ponto de encontro, de lazer, de esporte, de cultura e de cidadania. \u00c9 um equipamento inovador, que tem por premissa a participa\u00e7\u00e3o popular. O amplo acesso da comunidade est\u00e1 garantido em todos os segmentos e nas tomadas de decis\u00e3o\u201d, declara Andr\u00e9.<\/p>\n<p>&nbsp;<\/p>\n<p>Fonte: PJF<\/p>\n","protected":false},"excerpt":{"rendered":"<p>Quatro projetos desenvolvidos pelo Centro de Artes e Esportes Unificados Coronel \u201cAdelmir Romualdo de Oliveira\u201d (Pra\u00e7a CEU) foram contemplados no Edital de Chamamento e Sele\u00e7\u00e3o para Premia\u00e7\u00e3o de Iniciativas Socioculturais, lan\u00e7ado pela Secretaria de Difus\u00e3o e Infraestrutura Cultural do Minist\u00e9rio da Cultura (MinC). Aberto a todas as pra\u00e7as CEU do Brasil, o edital recebeu 78 [&hellip;]<\/p>\n","protected":false},"author":96,"featured_media":130317,"comment_status":"closed","ping_status":"closed","sticky":false,"template":"","format":"standard","meta":{"footnotes":""},"categories":[256,436,262,439],"tags":[],"class_list":["post-130316","post","type-post","status-publish","format-standard","has-post-thumbnail","hentry","category-cultura","category-destaque-da-semana","category-noticias","category-ultima-hora"],"_links":{"self":[{"href":"https:\/\/diarioregionaldigital.com.br\/index.php?rest_route=\/wp\/v2\/posts\/130316","targetHints":{"allow":["GET"]}}],"collection":[{"href":"https:\/\/diarioregionaldigital.com.br\/index.php?rest_route=\/wp\/v2\/posts"}],"about":[{"href":"https:\/\/diarioregionaldigital.com.br\/index.php?rest_route=\/wp\/v2\/types\/post"}],"author":[{"embeddable":true,"href":"https:\/\/diarioregionaldigital.com.br\/index.php?rest_route=\/wp\/v2\/users\/96"}],"replies":[{"embeddable":true,"href":"https:\/\/diarioregionaldigital.com.br\/index.php?rest_route=%2Fwp%2Fv2%2Fcomments&post=130316"}],"version-history":[{"count":0,"href":"https:\/\/diarioregionaldigital.com.br\/index.php?rest_route=\/wp\/v2\/posts\/130316\/revisions"}],"wp:featuredmedia":[{"embeddable":true,"href":"https:\/\/diarioregionaldigital.com.br\/index.php?rest_route=\/wp\/v2\/media\/130317"}],"wp:attachment":[{"href":"https:\/\/diarioregionaldigital.com.br\/index.php?rest_route=%2Fwp%2Fv2%2Fmedia&parent=130316"}],"wp:term":[{"taxonomy":"category","embeddable":true,"href":"https:\/\/diarioregionaldigital.com.br\/index.php?rest_route=%2Fwp%2Fv2%2Fcategories&post=130316"},{"taxonomy":"post_tag","embeddable":true,"href":"https:\/\/diarioregionaldigital.com.br\/index.php?rest_route=%2Fwp%2Fv2%2Ftags&post=130316"}],"curies":[{"name":"wp","href":"https:\/\/api.w.org\/{rel}","templated":true}]}}