{"id":130310,"date":"2019-01-08T15:43:39","date_gmt":"2019-01-08T17:43:39","guid":{"rendered":"https:\/\/diarioregionaldigital.com.br\/?p=130310"},"modified":"2019-01-08T15:43:39","modified_gmt":"2019-01-08T17:43:39","slug":"autismo-e-tema-de-roda-de-conversa-na-adra","status":"publish","type":"post","link":"https:\/\/diarioregionaldigital.com.br\/?p=130310","title":{"rendered":"Autismo \u00e9 tema de Roda de Conversa na Adra"},"content":{"rendered":"<p>Na manh\u00e3 desta ter\u00e7a-feira, 8, a Ag\u00eancia Adventista de Desenvolvimento e Recursos Assistenciais (Adra), entidade parceira da Secretaria de Desenvolvimento Social (SDS), localizada no Bairro Nossa Senhora de Lourdes, realizou roda de conversa sobre o autismo. A participante Kelly Queiroz, m\u00e3e de um autista, compartilhou com cerca de 19 crian\u00e7as e adolescentes da unidade valores como integra\u00e7\u00e3o e respeito.<\/p>\n<p>A coordenadora do Servi\u00e7o de Conviv\u00eancia e Fortalecimento de V\u00ednculos (SCFV) da institui\u00e7\u00e3o, Narcisleydna Furtuoso, explica que a a\u00e7\u00e3o faz parte de um conjunto de atividades desenvolvidas com o tema &#8220;Gentileza&#8221;: &#8220;Al\u00e9m de participarem da roda de conversa, eles confeccionaram bilhetes com mensagens gentis para distribu\u00edrem a amigos e familiares&#8221;, conta. Ela acrescenta que o objetivo das pr\u00e1ticas \u00e9 formar boas pessoas: &#8220;Esperamos que dessa forma eles sejam reconhecidos por suas boas a\u00e7\u00f5es, n\u00e3o somente agora, mas durante toda a vida&#8221;, finaliza.<\/p>\n<p>&nbsp;<\/p>\n<p>Fonte: PJF<\/p>\n","protected":false},"excerpt":{"rendered":"<p>Na manh\u00e3 desta ter\u00e7a-feira, 8, a Ag\u00eancia Adventista de Desenvolvimento e Recursos Assistenciais (Adra), entidade parceira da Secretaria de Desenvolvimento Social (SDS), localizada no Bairro Nossa Senhora de Lourdes, realizou roda de conversa sobre o autismo. A participante Kelly Queiroz, m\u00e3e de um autista, compartilhou com cerca de 19 crian\u00e7as e adolescentes da unidade valores [&hellip;]<\/p>\n","protected":false},"author":96,"featured_media":130311,"comment_status":"closed","ping_status":"closed","sticky":false,"template":"","format":"standard","meta":{"footnotes":""},"categories":[253,436,262,439],"tags":[],"class_list":["post-130310","post","type-post","status-publish","format-standard","has-post-thumbnail","hentry","category-cidade","category-destaque-da-semana","category-noticias","category-ultima-hora"],"_links":{"self":[{"href":"https:\/\/diarioregionaldigital.com.br\/index.php?rest_route=\/wp\/v2\/posts\/130310","targetHints":{"allow":["GET"]}}],"collection":[{"href":"https:\/\/diarioregionaldigital.com.br\/index.php?rest_route=\/wp\/v2\/posts"}],"about":[{"href":"https:\/\/diarioregionaldigital.com.br\/index.php?rest_route=\/wp\/v2\/types\/post"}],"author":[{"embeddable":true,"href":"https:\/\/diarioregionaldigital.com.br\/index.php?rest_route=\/wp\/v2\/users\/96"}],"replies":[{"embeddable":true,"href":"https:\/\/diarioregionaldigital.com.br\/index.php?rest_route=%2Fwp%2Fv2%2Fcomments&post=130310"}],"version-history":[{"count":0,"href":"https:\/\/diarioregionaldigital.com.br\/index.php?rest_route=\/wp\/v2\/posts\/130310\/revisions"}],"wp:featuredmedia":[{"embeddable":true,"href":"https:\/\/diarioregionaldigital.com.br\/index.php?rest_route=\/wp\/v2\/media\/130311"}],"wp:attachment":[{"href":"https:\/\/diarioregionaldigital.com.br\/index.php?rest_route=%2Fwp%2Fv2%2Fmedia&parent=130310"}],"wp:term":[{"taxonomy":"category","embeddable":true,"href":"https:\/\/diarioregionaldigital.com.br\/index.php?rest_route=%2Fwp%2Fv2%2Fcategories&post=130310"},{"taxonomy":"post_tag","embeddable":true,"href":"https:\/\/diarioregionaldigital.com.br\/index.php?rest_route=%2Fwp%2Fv2%2Ftags&post=130310"}],"curies":[{"name":"wp","href":"https:\/\/api.w.org\/{rel}","templated":true}]}}